{"id":7470,"date":"2025-08-05T16:03:20","date_gmt":"2025-08-05T16:03:20","guid":{"rendered":"https:\/\/portalf1.si\/?p=7470"},"modified":"2025-08-05T16:03:20","modified_gmt":"2025-08-05T16:03:20","slug":"kaj-je-toto-wolff-pocel-v-ferrarijevih-prostorih","status":"publish","type":"post","link":"https:\/\/portalf1.si\/index.php\/2025\/08\/05\/kaj-je-toto-wolff-pocel-v-ferrarijevih-prostorih\/","title":{"rendered":"Kaj je Toto Wolff po\u010del v Ferrarijevih prostorih?"},"content":{"rendered":"<p data-start=\"0\" data-end=\"163\"><strong>\u0160ef ekipe Mercedes Toto Wolff je bil tekom dirka\u0161kega vikenda Formule 1 za VN Mad\u017earske opa\u017een, ko je zapu\u0161\u010dal Ferrarijeve prostore v paddocku, kar je spro\u017eilo govorice o prihodnosti njegovega nekdanjega varovanca Lewisa Hamiltona.<\/strong><\/p>\n<p data-start=\"165\" data-end=\"279\">Po \u0161e enem neuspe\u0161nem dirka\u0161kem vikendu je Hamilton v pogovorih z mediji v soboto in nedeljo deloval potrto. Britanec je dirko kon\u010dal na 12. mestu, s \u010dimer ni uspel popraviti kvalifikacijskega dose\u017eka.<\/p>\n<p><em>\u201cVedno sem jaz,\u201d<\/em> je sedemkratni svetovni prvak dejal po \u0161e eni v nizu bledih predstav, potem ko je \u017ee v Belgiji dvakrat zapored izpadel v prvem delu kvalifikacij. <em>\u201cJaz sem nekoristen, povsem nekoristen. <\/em><em>Ekipa nima nobenega problema. Videli ste, dirkalnik je na prvem mestu.\u201d<\/em><\/p>\n<p data-start=\"601\" data-end=\"738\">Hamilton je znan po tem, da je do sebe zelo kriti\u010den, ko stvari ne gredo po na\u010drtih, a tokrat je bil videti bolj prizadet kot obi\u010dajno. Britanec tudi po dirki ni deloval ni\u010d bolj\u0161e volje. <em>\u201cKo ima\u0161 nek \u010duden ob\u010dutek, ga pa\u010d ima\u0161. V ozadju se dogaja veliko stvari, ki niso dobre.\u201d<\/em><\/p>\n<p data-start=\"922\" data-end=\"1200\">Njegove izjave so med obo\u017eevalci spro\u017eile ugibanja o njegovi prihodnosti. Bi Ferrari res lahko zamenjal dirka\u010d? Bi Hamilton lahko celo zapustil Formulo 1? Za zdaj ni nobenih konkretnih poro\u010dil ali znakov za kaj tak\u0161nega, saj ga \u0161e naprej podpirata \u0161ef ekipe Fred Vasseur in predsednik John Elkann.<\/p>\n<p data-start=\"1202\" data-end=\"1494\">Dodatno pa je govorice pod\u017egalo \u0161e to, da so Wolffa opazili v Ferrarijevih prostorih med pogovorom z Vasseurjem in Elkannom. Glede na Hamiltonove besede in Wolffovo zaupanje vanj nekateri celo menijo, da bi lahko pri\u0161lo do zamenjave sredi sezone in Hamiltonove vrnitve k Mercedesu.<\/p>\n<p data-start=\"1496\" data-end=\"1742\">V resnici pa so se vodilni lahko pogovarjali o marsi\u010dem, saj tem za razpravo v Formuli 1 nikoli ne zmanjka. Obe ekipi sta tudi dobaviteljici motorjev in se pripravljata na obse\u017ene spremembe pravil za sezono 2026, zato so se najbr\u017e dotaknili tudi teh tem.<\/p>\n<p data-start=\"1744\" data-end=\"1937\">Hamilton bo skoraj zagotovo ostal pri Ferrariju, saj imajo vse vpletene strani \u0161e vedno veliko motivacije, a \u010de bo nadaljeval s tak\u0161nimi te\u017eavami, bi lahko pri\u0161lo tudi do drasti\u010dnih sprememb.<\/p>\n<blockquote class=\"wp-embedded-content\" data-secret=\"bEyAkzlQC1\"><p><a href=\"https:\/\/portalf1.si\/index.php\/2025\/08\/05\/je-hamilton-s-to-izjavo-namignil-na-predcasno-upokojitev\/\">Je Hamilton s to izjavo namignil na pred\u010dasno upokojitev?<\/a><\/p><\/blockquote>\n<p><iframe loading=\"lazy\" class=\"wp-embedded-content\" sandbox=\"allow-scripts\" security=\"restricted\" style=\"position: absolute; visibility: hidden;\" title=\"&#8220;Je Hamilton s to izjavo namignil na pred\u010dasno upokojitev?&#8221; &#8212; Portal F1\" src=\"https:\/\/portalf1.si\/index.php\/2025\/08\/05\/je-hamilton-s-to-izjavo-namignil-na-predcasno-upokojitev\/embed\/#?secret=SJ50YsnmgB#?secret=bEyAkzlQC1\" data-secret=\"bEyAkzlQC1\" width=\"600\" height=\"338\" frameborder=\"0\" marginwidth=\"0\" marginheight=\"0\" scrolling=\"no\"><\/iframe><\/p>\n","protected":false},"excerpt":{"rendered":"<p>\u0160ef ekipe Mercedes Toto Wolff je bil tekom dirka\u0161kega vikenda Formule 1 za VN Mad\u017earske opa\u017een, ko je zapu\u0161\u010dal Ferrarijeve prostore v paddocku, kar je spro\u017eilo govorice o prihodnosti njegovega nekdanjega varovanca Lewisa Hamiltona. Po \u0161e enem neuspe\u0161nem dirka\u0161kem vikendu je Hamilton v pogovorih z mediji v soboto in nedeljo deloval potrto. Britanec je dirko [&hellip;]<\/p>\n","protected":false},"author":1,"featured_media":7471,"comment_status":"open","ping_status":"open","sticky":false,"template":"","format":"standard","meta":{"footnotes":""},"categories":[34,30,31,53,342],"tags":[44,50,159,46,45,51,158,56,343],"class_list":["post-7470","post","type-post","status-publish","format-standard","has-post-thumbnail","hentry","category-ferrari","category-formula-1","category-novice","category-toto-wolff","category-vn-madzarske","tag-f1","tag-f1-2025","tag-f1-slovenija","tag-ferrari","tag-formula-1","tag-formula-1-2025","tag-formula-1-slovenija","tag-toto-wolff","tag-vn-madzarske"],"blocksy_meta":[],"yoast_head":"<!-- This site is optimized with the Yoast SEO plugin v27.4 - https:\/\/yoast.com\/product\/yoast-seo-wordpress\/ -->\n<title>Kaj je Toto Wolff po\u010del v Ferrarijevih prostorih? - Portal F1<\/title>\n<meta name=\"description\" content=\"\u0160ef ekipe Mercedes Toto Wolff je bil tekom dirka\u0161kega vikenda Formule 1 za VN Mad\u017earske opa\u017een, ko je zapu\u0161\u010dal Ferrarijeve prostore.\" \/>\n<meta name=\"robots\" content=\"index, follow, max-snippet:-1, max-image-preview:large, max-video-preview:-1\" \/>\n<link rel=\"canonical\" href=\"https:\/\/portalf1.si\/index.php\/2025\/08\/05\/kaj-je-toto-wolff-pocel-v-ferrarijevih-prostorih\/\" \/>\n<meta property=\"og:locale\" content=\"sl_SI\" \/>\n<meta property=\"og:type\" content=\"article\" \/>\n<meta property=\"og:title\" content=\"Kaj je Toto Wolff po\u010del v Ferrarijevih prostorih? - Portal F1\" \/>\n<meta property=\"og:description\" content=\"\u0160ef ekipe Mercedes Toto Wolff je bil tekom dirka\u0161kega vikenda Formule 1 za VN Mad\u017earske opa\u017een, ko je zapu\u0161\u010dal Ferrarijeve prostore.\" \/>\n<meta property=\"og:url\" content=\"https:\/\/portalf1.si\/index.php\/2025\/08\/05\/kaj-je-toto-wolff-pocel-v-ferrarijevih-prostorih\/\" \/>\n<meta property=\"og:site_name\" content=\"Portal F1\" \/>\n<meta property=\"article:publisher\" content=\"https:\/\/www.facebook.com\/portalf1.si\/?locale=sl_SI\" \/>\n<meta property=\"article:published_time\" content=\"2025-08-05T16:03:20+00:00\" \/>\n<meta property=\"og:image\" content=\"https:\/\/portalf1.si\/wp-content\/uploads\/2025\/08\/GxcxaA1W8AAXo0r.webp\" \/>\n\t<meta property=\"og:image:width\" content=\"1410\" \/>\n\t<meta property=\"og:image:height\" content=\"1461\" \/>\n\t<meta property=\"og:image:type\" content=\"image\/jpeg\" \/>\n<meta name=\"author\" content=\"Denis \u0160tojs\" \/>\n<meta name=\"twitter:card\" content=\"summary_large_image\" \/>\n<meta name=\"twitter:label1\" content=\"Written by\" \/>\n\t<meta name=\"twitter:data1\" content=\"Denis \u0160tojs\" \/>\n\t<meta name=\"twitter:label2\" content=\"Est. reading time\" \/>\n\t<meta name=\"twitter:data2\" content=\"3 minute\" \/>\n<script type=\"application\/ld+json\" class=\"yoast-schema-graph\">{\"@context\":\"https:\\\/\\\/schema.org\",\"@graph\":[{\"@type\":\"Article\",\"@id\":\"https:\\\/\\\/portalf1.si\\\/index.php\\\/2025\\\/08\\\/05\\\/kaj-je-toto-wolff-pocel-v-ferrarijevih-prostorih\\\/#article\",\"isPartOf\":{\"@id\":\"https:\\\/\\\/portalf1.si\\\/index.php\\\/2025\\\/08\\\/05\\\/kaj-je-toto-wolff-pocel-v-ferrarijevih-prostorih\\\/\"},\"author\":{\"name\":\"Denis \u0160tojs\",\"@id\":\"https:\\\/\\\/portalf1.si\\\/#\\\/schema\\\/person\\\/abfef3ba57233710daadfbdd742fecd5\"},\"headline\":\"Kaj je Toto Wolff po\u010del v Ferrarijevih prostorih?\",\"datePublished\":\"2025-08-05T16:03:20+00:00\",\"mainEntityOfPage\":{\"@id\":\"https:\\\/\\\/portalf1.si\\\/index.php\\\/2025\\\/08\\\/05\\\/kaj-je-toto-wolff-pocel-v-ferrarijevih-prostorih\\\/\"},\"wordCount\":363,\"commentCount\":0,\"publisher\":{\"@id\":\"https:\\\/\\\/portalf1.si\\\/#organization\"},\"image\":{\"@id\":\"https:\\\/\\\/portalf1.si\\\/index.php\\\/2025\\\/08\\\/05\\\/kaj-je-toto-wolff-pocel-v-ferrarijevih-prostorih\\\/#primaryimage\"},\"thumbnailUrl\":\"https:\\\/\\\/portalf1.si\\\/wp-content\\\/uploads\\\/2025\\\/08\\\/GxcxaA1W8AAXo0r.webp\",\"keywords\":[\"F1\",\"F1 2025\",\"F1 Slovenija\",\"Ferrari\",\"Formula 1\",\"Formula 1 2025\",\"Formula 1 Slovenija\",\"Toto Wolff\",\"VN Mad\u017earske\"],\"articleSection\":[\"Ferrari\",\"Formula 1\",\"Novice\",\"Toto Wolff\",\"VN Mad\u017earske\"],\"inLanguage\":\"sl-SI\",\"potentialAction\":[{\"@type\":\"CommentAction\",\"name\":\"Comment\",\"target\":[\"https:\\\/\\\/portalf1.si\\\/index.php\\\/2025\\\/08\\\/05\\\/kaj-je-toto-wolff-pocel-v-ferrarijevih-prostorih\\\/#respond\"]}]},{\"@type\":\"WebPage\",\"@id\":\"https:\\\/\\\/portalf1.si\\\/index.php\\\/2025\\\/08\\\/05\\\/kaj-je-toto-wolff-pocel-v-ferrarijevih-prostorih\\\/\",\"url\":\"https:\\\/\\\/portalf1.si\\\/index.php\\\/2025\\\/08\\\/05\\\/kaj-je-toto-wolff-pocel-v-ferrarijevih-prostorih\\\/\",\"name\":\"Kaj je Toto Wolff po\u010del v Ferrarijevih prostorih? - Portal F1\",\"isPartOf\":{\"@id\":\"https:\\\/\\\/portalf1.si\\\/#website\"},\"primaryImageOfPage\":{\"@id\":\"https:\\\/\\\/portalf1.si\\\/index.php\\\/2025\\\/08\\\/05\\\/kaj-je-toto-wolff-pocel-v-ferrarijevih-prostorih\\\/#primaryimage\"},\"image\":{\"@id\":\"https:\\\/\\\/portalf1.si\\\/index.php\\\/2025\\\/08\\\/05\\\/kaj-je-toto-wolff-pocel-v-ferrarijevih-prostorih\\\/#primaryimage\"},\"thumbnailUrl\":\"https:\\\/\\\/portalf1.si\\\/wp-content\\\/uploads\\\/2025\\\/08\\\/GxcxaA1W8AAXo0r.webp\",\"datePublished\":\"2025-08-05T16:03:20+00:00\",\"description\":\"\u0160ef ekipe Mercedes Toto Wolff je bil tekom dirka\u0161kega vikenda Formule 1 za VN Mad\u017earske opa\u017een, ko je zapu\u0161\u010dal Ferrarijeve prostore.\",\"breadcrumb\":{\"@id\":\"https:\\\/\\\/portalf1.si\\\/index.php\\\/2025\\\/08\\\/05\\\/kaj-je-toto-wolff-pocel-v-ferrarijevih-prostorih\\\/#breadcrumb\"},\"inLanguage\":\"sl-SI\",\"potentialAction\":[{\"@type\":\"ReadAction\",\"target\":[\"https:\\\/\\\/portalf1.si\\\/index.php\\\/2025\\\/08\\\/05\\\/kaj-je-toto-wolff-pocel-v-ferrarijevih-prostorih\\\/\"]}]},{\"@type\":\"ImageObject\",\"inLanguage\":\"sl-SI\",\"@id\":\"https:\\\/\\\/portalf1.si\\\/index.php\\\/2025\\\/08\\\/05\\\/kaj-je-toto-wolff-pocel-v-ferrarijevih-prostorih\\\/#primaryimage\",\"url\":\"https:\\\/\\\/portalf1.si\\\/wp-content\\\/uploads\\\/2025\\\/08\\\/GxcxaA1W8AAXo0r.webp\",\"contentUrl\":\"https:\\\/\\\/portalf1.si\\\/wp-content\\\/uploads\\\/2025\\\/08\\\/GxcxaA1W8AAXo0r.webp\",\"width\":1410,\"height\":1461},{\"@type\":\"BreadcrumbList\",\"@id\":\"https:\\\/\\\/portalf1.si\\\/index.php\\\/2025\\\/08\\\/05\\\/kaj-je-toto-wolff-pocel-v-ferrarijevih-prostorih\\\/#breadcrumb\",\"itemListElement\":[{\"@type\":\"ListItem\",\"position\":1,\"name\":\"Home\",\"item\":\"https:\\\/\\\/portalf1.si\\\/\"},{\"@type\":\"ListItem\",\"position\":2,\"name\":\"Kaj je Toto Wolff po\u010del v Ferrarijevih prostorih?\"}]},{\"@type\":\"WebSite\",\"@id\":\"https:\\\/\\\/portalf1.si\\\/#website\",\"url\":\"https:\\\/\\\/portalf1.si\\\/\",\"name\":\"Portal F1\",\"description\":\"Vstopite v svet hitrosti in adrenalina\",\"publisher\":{\"@id\":\"https:\\\/\\\/portalf1.si\\\/#organization\"},\"potentialAction\":[{\"@type\":\"SearchAction\",\"target\":{\"@type\":\"EntryPoint\",\"urlTemplate\":\"https:\\\/\\\/portalf1.si\\\/?s={search_term_string}\"},\"query-input\":{\"@type\":\"PropertyValueSpecification\",\"valueRequired\":true,\"valueName\":\"search_term_string\"}}],\"inLanguage\":\"sl-SI\"},{\"@type\":\"Organization\",\"@id\":\"https:\\\/\\\/portalf1.si\\\/#organization\",\"name\":\"Portal F1\",\"url\":\"https:\\\/\\\/portalf1.si\\\/\",\"logo\":{\"@type\":\"ImageObject\",\"inLanguage\":\"sl-SI\",\"@id\":\"https:\\\/\\\/portalf1.si\\\/#\\\/schema\\\/logo\\\/image\\\/\",\"url\":\"https:\\\/\\\/portalf1.si\\\/wp-content\\\/uploads\\\/2025\\\/02\\\/cropped-HiPaint_1738532868530.png\",\"contentUrl\":\"https:\\\/\\\/portalf1.si\\\/wp-content\\\/uploads\\\/2025\\\/02\\\/cropped-HiPaint_1738532868530.png\",\"width\":512,\"height\":512,\"caption\":\"Portal F1\"},\"image\":{\"@id\":\"https:\\\/\\\/portalf1.si\\\/#\\\/schema\\\/logo\\\/image\\\/\"},\"sameAs\":[\"https:\\\/\\\/www.facebook.com\\\/portalf1.si\\\/?locale=sl_SI\"]},{\"@type\":\"Person\",\"@id\":\"https:\\\/\\\/portalf1.si\\\/#\\\/schema\\\/person\\\/abfef3ba57233710daadfbdd742fecd5\",\"name\":\"Denis \u0160tojs\",\"image\":{\"@type\":\"ImageObject\",\"inLanguage\":\"sl-SI\",\"@id\":\"https:\\\/\\\/secure.gravatar.com\\\/avatar\\\/b006ce11dfb9c6e47e9de9803eefbdc14aa4afb445f3cca05acc735c22115b38?s=96&d=mm&r=g\",\"url\":\"https:\\\/\\\/secure.gravatar.com\\\/avatar\\\/b006ce11dfb9c6e47e9de9803eefbdc14aa4afb445f3cca05acc735c22115b38?s=96&d=mm&r=g\",\"contentUrl\":\"https:\\\/\\\/secure.gravatar.com\\\/avatar\\\/b006ce11dfb9c6e47e9de9803eefbdc14aa4afb445f3cca05acc735c22115b38?s=96&d=mm&r=g\",\"caption\":\"Denis \u0160tojs\"},\"sameAs\":[\"https:\\\/\\\/portalf1.si\"],\"url\":\"https:\\\/\\\/portalf1.si\\\/index.php\\\/author\\\/portalf1\\\/\"}]}<\/script>\n<!-- \/ Yoast SEO plugin. -->","yoast_head_json":{"title":"Kaj je Toto Wolff po\u010del v Ferrarijevih prostorih? - Portal F1","description":"\u0160ef ekipe Mercedes Toto Wolff je bil tekom dirka\u0161kega vikenda Formule 1 za VN Mad\u017earske opa\u017een, ko je zapu\u0161\u010dal Ferrarijeve prostore.","robots":{"index":"index","follow":"follow","max-snippet":"max-snippet:-1","max-image-preview":"max-image-preview:large","max-video-preview":"max-video-preview:-1"},"canonical":"https:\/\/portalf1.si\/index.php\/2025\/08\/05\/kaj-je-toto-wolff-pocel-v-ferrarijevih-prostorih\/","og_locale":"sl_SI","og_type":"article","og_title":"Kaj je Toto Wolff po\u010del v Ferrarijevih prostorih? - Portal F1","og_description":"\u0160ef ekipe Mercedes Toto Wolff je bil tekom dirka\u0161kega vikenda Formule 1 za VN Mad\u017earske opa\u017een, ko je zapu\u0161\u010dal Ferrarijeve prostore.","og_url":"https:\/\/portalf1.si\/index.php\/2025\/08\/05\/kaj-je-toto-wolff-pocel-v-ferrarijevih-prostorih\/","og_site_name":"Portal F1","article_publisher":"https:\/\/www.facebook.com\/portalf1.si\/?locale=sl_SI","article_published_time":"2025-08-05T16:03:20+00:00","og_image":[{"width":1410,"height":1461,"url":"https:\/\/portalf1.si\/wp-content\/uploads\/2025\/08\/GxcxaA1W8AAXo0r.webp","type":"image\/jpeg"}],"author":"Denis \u0160tojs","twitter_card":"summary_large_image","twitter_misc":{"Written by":"Denis \u0160tojs","Est. reading time":"3 minute"},"schema":{"@context":"https:\/\/schema.org","@graph":[{"@type":"Article","@id":"https:\/\/portalf1.si\/index.php\/2025\/08\/05\/kaj-je-toto-wolff-pocel-v-ferrarijevih-prostorih\/#article","isPartOf":{"@id":"https:\/\/portalf1.si\/index.php\/2025\/08\/05\/kaj-je-toto-wolff-pocel-v-ferrarijevih-prostorih\/"},"author":{"name":"Denis \u0160tojs","@id":"https:\/\/portalf1.si\/#\/schema\/person\/abfef3ba57233710daadfbdd742fecd5"},"headline":"Kaj je Toto Wolff po\u010del v Ferrarijevih prostorih?","datePublished":"2025-08-05T16:03:20+00:00","mainEntityOfPage":{"@id":"https:\/\/portalf1.si\/index.php\/2025\/08\/05\/kaj-je-toto-wolff-pocel-v-ferrarijevih-prostorih\/"},"wordCount":363,"commentCount":0,"publisher":{"@id":"https:\/\/portalf1.si\/#organization"},"image":{"@id":"https:\/\/portalf1.si\/index.php\/2025\/08\/05\/kaj-je-toto-wolff-pocel-v-ferrarijevih-prostorih\/#primaryimage"},"thumbnailUrl":"https:\/\/portalf1.si\/wp-content\/uploads\/2025\/08\/GxcxaA1W8AAXo0r.webp","keywords":["F1","F1 2025","F1 Slovenija","Ferrari","Formula 1","Formula 1 2025","Formula 1 Slovenija","Toto Wolff","VN Mad\u017earske"],"articleSection":["Ferrari","Formula 1","Novice","Toto Wolff","VN Mad\u017earske"],"inLanguage":"sl-SI","potentialAction":[{"@type":"CommentAction","name":"Comment","target":["https:\/\/portalf1.si\/index.php\/2025\/08\/05\/kaj-je-toto-wolff-pocel-v-ferrarijevih-prostorih\/#respond"]}]},{"@type":"WebPage","@id":"https:\/\/portalf1.si\/index.php\/2025\/08\/05\/kaj-je-toto-wolff-pocel-v-ferrarijevih-prostorih\/","url":"https:\/\/portalf1.si\/index.php\/2025\/08\/05\/kaj-je-toto-wolff-pocel-v-ferrarijevih-prostorih\/","name":"Kaj je Toto Wolff po\u010del v Ferrarijevih prostorih? - Portal F1","isPartOf":{"@id":"https:\/\/portalf1.si\/#website"},"primaryImageOfPage":{"@id":"https:\/\/portalf1.si\/index.php\/2025\/08\/05\/kaj-je-toto-wolff-pocel-v-ferrarijevih-prostorih\/#primaryimage"},"image":{"@id":"https:\/\/portalf1.si\/index.php\/2025\/08\/05\/kaj-je-toto-wolff-pocel-v-ferrarijevih-prostorih\/#primaryimage"},"thumbnailUrl":"https:\/\/portalf1.si\/wp-content\/uploads\/2025\/08\/GxcxaA1W8AAXo0r.webp","datePublished":"2025-08-05T16:03:20+00:00","description":"\u0160ef ekipe Mercedes Toto Wolff je bil tekom dirka\u0161kega vikenda Formule 1 za VN Mad\u017earske opa\u017een, ko je zapu\u0161\u010dal Ferrarijeve prostore.","breadcrumb":{"@id":"https:\/\/portalf1.si\/index.php\/2025\/08\/05\/kaj-je-toto-wolff-pocel-v-ferrarijevih-prostorih\/#breadcrumb"},"inLanguage":"sl-SI","potentialAction":[{"@type":"ReadAction","target":["https:\/\/portalf1.si\/index.php\/2025\/08\/05\/kaj-je-toto-wolff-pocel-v-ferrarijevih-prostorih\/"]}]},{"@type":"ImageObject","inLanguage":"sl-SI","@id":"https:\/\/portalf1.si\/index.php\/2025\/08\/05\/kaj-je-toto-wolff-pocel-v-ferrarijevih-prostorih\/#primaryimage","url":"https:\/\/portalf1.si\/wp-content\/uploads\/2025\/08\/GxcxaA1W8AAXo0r.webp","contentUrl":"https:\/\/portalf1.si\/wp-content\/uploads\/2025\/08\/GxcxaA1W8AAXo0r.webp","width":1410,"height":1461},{"@type":"BreadcrumbList","@id":"https:\/\/portalf1.si\/index.php\/2025\/08\/05\/kaj-je-toto-wolff-pocel-v-ferrarijevih-prostorih\/#breadcrumb","itemListElement":[{"@type":"ListItem","position":1,"name":"Home","item":"https:\/\/portalf1.si\/"},{"@type":"ListItem","position":2,"name":"Kaj je Toto Wolff po\u010del v Ferrarijevih prostorih?"}]},{"@type":"WebSite","@id":"https:\/\/portalf1.si\/#website","url":"https:\/\/portalf1.si\/","name":"Portal F1","description":"Vstopite v svet hitrosti in adrenalina","publisher":{"@id":"https:\/\/portalf1.si\/#organization"},"potentialAction":[{"@type":"SearchAction","target":{"@type":"EntryPoint","urlTemplate":"https:\/\/portalf1.si\/?s={search_term_string}"},"query-input":{"@type":"PropertyValueSpecification","valueRequired":true,"valueName":"search_term_string"}}],"inLanguage":"sl-SI"},{"@type":"Organization","@id":"https:\/\/portalf1.si\/#organization","name":"Portal F1","url":"https:\/\/portalf1.si\/","logo":{"@type":"ImageObject","inLanguage":"sl-SI","@id":"https:\/\/portalf1.si\/#\/schema\/logo\/image\/","url":"https:\/\/portalf1.si\/wp-content\/uploads\/2025\/02\/cropped-HiPaint_1738532868530.png","contentUrl":"https:\/\/portalf1.si\/wp-content\/uploads\/2025\/02\/cropped-HiPaint_1738532868530.png","width":512,"height":512,"caption":"Portal F1"},"image":{"@id":"https:\/\/portalf1.si\/#\/schema\/logo\/image\/"},"sameAs":["https:\/\/www.facebook.com\/portalf1.si\/?locale=sl_SI"]},{"@type":"Person","@id":"https:\/\/portalf1.si\/#\/schema\/person\/abfef3ba57233710daadfbdd742fecd5","name":"Denis \u0160tojs","image":{"@type":"ImageObject","inLanguage":"sl-SI","@id":"https:\/\/secure.gravatar.com\/avatar\/b006ce11dfb9c6e47e9de9803eefbdc14aa4afb445f3cca05acc735c22115b38?s=96&d=mm&r=g","url":"https:\/\/secure.gravatar.com\/avatar\/b006ce11dfb9c6e47e9de9803eefbdc14aa4afb445f3cca05acc735c22115b38?s=96&d=mm&r=g","contentUrl":"https:\/\/secure.gravatar.com\/avatar\/b006ce11dfb9c6e47e9de9803eefbdc14aa4afb445f3cca05acc735c22115b38?s=96&d=mm&r=g","caption":"Denis \u0160tojs"},"sameAs":["https:\/\/portalf1.si"],"url":"https:\/\/portalf1.si\/index.php\/author\/portalf1\/"}]}},"_links":{"self":[{"href":"https:\/\/portalf1.si\/index.php\/wp-json\/wp\/v2\/posts\/7470","targetHints":{"allow":["GET"]}}],"collection":[{"href":"https:\/\/portalf1.si\/index.php\/wp-json\/wp\/v2\/posts"}],"about":[{"href":"https:\/\/portalf1.si\/index.php\/wp-json\/wp\/v2\/types\/post"}],"author":[{"embeddable":true,"href":"https:\/\/portalf1.si\/index.php\/wp-json\/wp\/v2\/users\/1"}],"replies":[{"embeddable":true,"href":"https:\/\/portalf1.si\/index.php\/wp-json\/wp\/v2\/comments?post=7470"}],"version-history":[{"count":5,"href":"https:\/\/portalf1.si\/index.php\/wp-json\/wp\/v2\/posts\/7470\/revisions"}],"predecessor-version":[{"id":7476,"href":"https:\/\/portalf1.si\/index.php\/wp-json\/wp\/v2\/posts\/7470\/revisions\/7476"}],"wp:featuredmedia":[{"embeddable":true,"href":"https:\/\/portalf1.si\/index.php\/wp-json\/wp\/v2\/media\/7471"}],"wp:attachment":[{"href":"https:\/\/portalf1.si\/index.php\/wp-json\/wp\/v2\/media?parent=7470"}],"wp:term":[{"taxonomy":"category","embeddable":true,"href":"https:\/\/portalf1.si\/index.php\/wp-json\/wp\/v2\/categories?post=7470"},{"taxonomy":"post_tag","embeddable":true,"href":"https:\/\/portalf1.si\/index.php\/wp-json\/wp\/v2\/tags?post=7470"}],"curies":[{"name":"wp","href":"https:\/\/api.w.org\/{rel}","templated":true}]}}