{"id":7501,"date":"2025-08-06T22:29:54","date_gmt":"2025-08-06T22:29:54","guid":{"rendered":"https:\/\/portalf1.si\/?p=7501"},"modified":"2025-08-06T22:29:54","modified_gmt":"2025-08-06T22:29:54","slug":"razkrito-pogovori-med-verstappnom-in-mercedesom-kdo-je-prvi-pristopil","status":"publish","type":"post","link":"https:\/\/portalf1.si\/index.php\/2025\/08\/06\/razkrito-pogovori-med-verstappnom-in-mercedesom-kdo-je-prvi-pristopil\/","title":{"rendered":"Razkrito! Pogovori med Verstappnom in Mercedesom: Kdo je prvi pristopil?"},"content":{"rendered":"<p><strong>Po mesecih govoric in ugibanj v svetu Formule 1 je Max Verstappen prej\u0161nji petek na Hungaroringu kon\u010dal z negotovostjo. \u0160tirikratni svetovni prvak bo tudi leta 2026 dirkal za Red Bull Racing. Prestopa k Mercedesu torej ne bo, \u010deprav so pogovori dejansko potekali.<\/strong><\/p>\n<p>Nobena skrivnost ni, da je pri\u0161lo do pogovorov med Verstappnovim taborom in Totom Wolffom, direktorjem in \u0161efom ekipe Mercedes. Kar pa je ves ta \u010das ostalo nejasno, je bilo vpra\u0161anje, kdo je koga prvi kontaktiral?<\/p>\n<p>Je bil to Mercedes, ki je videl, da Verstappen pri Red Bullu pre\u017eivlja te\u017eke \u010dase, tako \u0161portno kot zaradi notranjih sporov v ekipi? Ali pa je bil to Verstappnov tabor, ki je po vseh te\u017eavah z avstrijsko ekipo \u017eelel preveriti druge mo\u017enosti?<\/p>\n<p>V zadnjih tednih se je iz razli\u010dnih virov v paddocku izoblikoval odgovor. Prvi je Mercedes, natan\u010dneje Wolffa ,kontaktiral Verstappnov tabor. Ta je bil seveda zainteresiran, da vidi, kaj bi bilo mogo\u010de storiti z enim najbolj\u0161ih dirka\u010dev v karavani Formule 1.<\/p>\n<p>Medtem ko so potekali za\u010detni pogovori, sta morala George Russell in Andrea Kimi Antonelli pri Mercedesu \u010dakati ob strani. Glede na mo\u017enost, da bi Verstappen lahko pri\u0161el v Mercedes, Wolff ni mogel podalj\u0161ati njunih iztekajo\u010dih se pogodb.<\/p>\n<p>Kljub temu je Wolff do svojih trenutnih dirka\u010dev vedno igral z odprtimi kartami. Za Russella in Antonellija je bilo ves \u010das jasno, da lahko ostaneta, razen \u010de bi pri\u0161lo do tiste majhne mo\u017enosti z Verstappnom. V tem primeru bi bila nujna te\u017eka odlo\u010ditev, ki bi stala enega od njiju sede\u017ea.<\/p>\n<p>Zdaj, ko je jasno, da Verstappen ostaja pri Red Bullu, so se tudi pogovori z Mercedesom kon\u010dali. Pri\u010dakovati je, da bo Mercedes kmalu v skupni izjavi potrdil zasedbo za leto 2026. \u010ce bosta to Russell in Antonelli, pa ne bo nikogar presenetilo.<\/p>\n<blockquote class=\"wp-embedded-content\" data-secret=\"IjlGN6y0S2\"><p><a href=\"https:\/\/portalf1.si\/index.php\/2025\/08\/06\/villeneuve-meni-da-je-verstappen-edini-izjemen-dirkac-v-formuli-1-ostali-so-le-dobri-oziroma-povprecni\/\">Villeneuve meni, da je Verstappen edini izjemen dirka\u010d v Formuli 1: Ostali so le dobri oziroma povpre\u010dni<\/a><\/p><\/blockquote>\n<p><iframe loading=\"lazy\" class=\"wp-embedded-content\" sandbox=\"allow-scripts\" security=\"restricted\" style=\"position: absolute; visibility: hidden;\" title=\"&#8220;Villeneuve meni, da je Verstappen edini izjemen dirka\u010d v Formuli 1: Ostali so le dobri oziroma povpre\u010dni&#8221; &#8212; Portal F1\" src=\"https:\/\/portalf1.si\/index.php\/2025\/08\/06\/villeneuve-meni-da-je-verstappen-edini-izjemen-dirkac-v-formuli-1-ostali-so-le-dobri-oziroma-povprecni\/embed\/#?secret=I0KA1bm6Rn#?secret=IjlGN6y0S2\" data-secret=\"IjlGN6y0S2\" width=\"600\" height=\"338\" frameborder=\"0\" marginwidth=\"0\" marginheight=\"0\" scrolling=\"no\"><\/iframe><\/p>\n","protected":false},"excerpt":{"rendered":"<p>Po mesecih govoric in ugibanj v svetu Formule 1 je Max Verstappen prej\u0161nji petek na Hungaroringu kon\u010dal z negotovostjo. \u0160tirikratni svetovni prvak bo tudi leta 2026 dirkal za Red Bull Racing. Prestopa k Mercedesu torej ne bo, \u010deprav so pogovori dejansko potekali. Nobena skrivnost ni, da je pri\u0161lo do pogovorov med Verstappnovim taborom in Totom [&hellip;]<\/p>\n","protected":false},"author":1,"featured_media":7149,"comment_status":"open","ping_status":"open","sticky":false,"template":"","format":"standard","meta":{"footnotes":""},"categories":[30,63,35,31,36],"tags":[44,50,159,45,51,158,47,54,64],"class_list":["post-7501","post","type-post","status-publish","format-standard","has-post-thumbnail","hentry","category-formula-1","category-max-verstappen","category-mercedes","category-novice","category-red-bull","tag-f1","tag-f1-2025","tag-f1-slovenija","tag-formula-1","tag-formula-1-2025","tag-formula-1-slovenija","tag-max-verstappen","tag-mercedes","tag-red-bull"],"blocksy_meta":[],"yoast_head":"<!-- This site is optimized with the Yoast SEO plugin v27.4 - https:\/\/yoast.com\/product\/yoast-seo-wordpress\/ -->\n<title>Razkrito! Pogovori med Verstappnom in Mercedesom: Kdo je prvi pristopil? - Portal F1<\/title>\n<meta name=\"description\" content=\"Po mesecih govoric in ugibanj v svetu Formule 1 je Max Verstappen prej\u0161nji petek na Hungaroringu kon\u010dal z negotovostjo.\" \/>\n<meta name=\"robots\" content=\"index, follow, max-snippet:-1, max-image-preview:large, max-video-preview:-1\" \/>\n<link rel=\"canonical\" href=\"https:\/\/portalf1.si\/index.php\/2025\/08\/06\/razkrito-pogovori-med-verstappnom-in-mercedesom-kdo-je-prvi-pristopil\/\" \/>\n<meta property=\"og:locale\" content=\"sl_SI\" \/>\n<meta property=\"og:type\" content=\"article\" \/>\n<meta property=\"og:title\" content=\"Razkrito! Pogovori med Verstappnom in Mercedesom: Kdo je prvi pristopil? - Portal F1\" \/>\n<meta property=\"og:description\" content=\"Po mesecih govoric in ugibanj v svetu Formule 1 je Max Verstappen prej\u0161nji petek na Hungaroringu kon\u010dal z negotovostjo.\" \/>\n<meta property=\"og:url\" content=\"https:\/\/portalf1.si\/index.php\/2025\/08\/06\/razkrito-pogovori-med-verstappnom-in-mercedesom-kdo-je-prvi-pristopil\/\" \/>\n<meta property=\"og:site_name\" content=\"Portal F1\" \/>\n<meta property=\"article:publisher\" content=\"https:\/\/www.facebook.com\/portalf1.si\/?locale=sl_SI\" \/>\n<meta property=\"article:published_time\" content=\"2025-08-06T22:29:54+00:00\" \/>\n<meta property=\"og:image\" content=\"https:\/\/portalf1.si\/wp-content\/uploads\/2025\/07\/max-verstappen-red-bull-racing-2.webp\" \/>\n\t<meta property=\"og:image:width\" content=\"1000\" \/>\n\t<meta property=\"og:image:height\" content=\"668\" \/>\n\t<meta property=\"og:image:type\" content=\"image\/jpeg\" \/>\n<meta name=\"author\" content=\"Denis \u0160tojs\" \/>\n<meta name=\"twitter:card\" content=\"summary_large_image\" \/>\n<meta name=\"twitter:label1\" content=\"Written by\" \/>\n\t<meta name=\"twitter:data1\" content=\"Denis \u0160tojs\" \/>\n\t<meta name=\"twitter:label2\" content=\"Est. reading time\" \/>\n\t<meta name=\"twitter:data2\" content=\"2 minuti\" \/>\n<script type=\"application\/ld+json\" class=\"yoast-schema-graph\">{\"@context\":\"https:\\\/\\\/schema.org\",\"@graph\":[{\"@type\":\"Article\",\"@id\":\"https:\\\/\\\/portalf1.si\\\/index.php\\\/2025\\\/08\\\/06\\\/razkrito-pogovori-med-verstappnom-in-mercedesom-kdo-je-prvi-pristopil\\\/#article\",\"isPartOf\":{\"@id\":\"https:\\\/\\\/portalf1.si\\\/index.php\\\/2025\\\/08\\\/06\\\/razkrito-pogovori-med-verstappnom-in-mercedesom-kdo-je-prvi-pristopil\\\/\"},\"author\":{\"name\":\"Denis \u0160tojs\",\"@id\":\"https:\\\/\\\/portalf1.si\\\/#\\\/schema\\\/person\\\/abfef3ba57233710daadfbdd742fecd5\"},\"headline\":\"Razkrito! Pogovori med Verstappnom in Mercedesom: Kdo je prvi pristopil?\",\"datePublished\":\"2025-08-06T22:29:54+00:00\",\"mainEntityOfPage\":{\"@id\":\"https:\\\/\\\/portalf1.si\\\/index.php\\\/2025\\\/08\\\/06\\\/razkrito-pogovori-med-verstappnom-in-mercedesom-kdo-je-prvi-pristopil\\\/\"},\"wordCount\":327,\"commentCount\":0,\"publisher\":{\"@id\":\"https:\\\/\\\/portalf1.si\\\/#organization\"},\"image\":{\"@id\":\"https:\\\/\\\/portalf1.si\\\/index.php\\\/2025\\\/08\\\/06\\\/razkrito-pogovori-med-verstappnom-in-mercedesom-kdo-je-prvi-pristopil\\\/#primaryimage\"},\"thumbnailUrl\":\"https:\\\/\\\/portalf1.si\\\/wp-content\\\/uploads\\\/2025\\\/07\\\/max-verstappen-red-bull-racing-2.webp\",\"keywords\":[\"F1\",\"F1 2025\",\"F1 Slovenija\",\"Formula 1\",\"Formula 1 2025\",\"Formula 1 Slovenija\",\"Max Verstappen\",\"Mercedes\",\"Red Bull\"],\"articleSection\":[\"Formula 1\",\"Max Verstappen\",\"Mercedes\",\"Novice\",\"Red Bull\"],\"inLanguage\":\"sl-SI\",\"potentialAction\":[{\"@type\":\"CommentAction\",\"name\":\"Comment\",\"target\":[\"https:\\\/\\\/portalf1.si\\\/index.php\\\/2025\\\/08\\\/06\\\/razkrito-pogovori-med-verstappnom-in-mercedesom-kdo-je-prvi-pristopil\\\/#respond\"]}]},{\"@type\":\"WebPage\",\"@id\":\"https:\\\/\\\/portalf1.si\\\/index.php\\\/2025\\\/08\\\/06\\\/razkrito-pogovori-med-verstappnom-in-mercedesom-kdo-je-prvi-pristopil\\\/\",\"url\":\"https:\\\/\\\/portalf1.si\\\/index.php\\\/2025\\\/08\\\/06\\\/razkrito-pogovori-med-verstappnom-in-mercedesom-kdo-je-prvi-pristopil\\\/\",\"name\":\"Razkrito! Pogovori med Verstappnom in Mercedesom: Kdo je prvi pristopil? - Portal F1\",\"isPartOf\":{\"@id\":\"https:\\\/\\\/portalf1.si\\\/#website\"},\"primaryImageOfPage\":{\"@id\":\"https:\\\/\\\/portalf1.si\\\/index.php\\\/2025\\\/08\\\/06\\\/razkrito-pogovori-med-verstappnom-in-mercedesom-kdo-je-prvi-pristopil\\\/#primaryimage\"},\"image\":{\"@id\":\"https:\\\/\\\/portalf1.si\\\/index.php\\\/2025\\\/08\\\/06\\\/razkrito-pogovori-med-verstappnom-in-mercedesom-kdo-je-prvi-pristopil\\\/#primaryimage\"},\"thumbnailUrl\":\"https:\\\/\\\/portalf1.si\\\/wp-content\\\/uploads\\\/2025\\\/07\\\/max-verstappen-red-bull-racing-2.webp\",\"datePublished\":\"2025-08-06T22:29:54+00:00\",\"description\":\"Po mesecih govoric in ugibanj v svetu Formule 1 je Max Verstappen prej\u0161nji petek na Hungaroringu kon\u010dal z negotovostjo.\",\"breadcrumb\":{\"@id\":\"https:\\\/\\\/portalf1.si\\\/index.php\\\/2025\\\/08\\\/06\\\/razkrito-pogovori-med-verstappnom-in-mercedesom-kdo-je-prvi-pristopil\\\/#breadcrumb\"},\"inLanguage\":\"sl-SI\",\"potentialAction\":[{\"@type\":\"ReadAction\",\"target\":[\"https:\\\/\\\/portalf1.si\\\/index.php\\\/2025\\\/08\\\/06\\\/razkrito-pogovori-med-verstappnom-in-mercedesom-kdo-je-prvi-pristopil\\\/\"]}]},{\"@type\":\"ImageObject\",\"inLanguage\":\"sl-SI\",\"@id\":\"https:\\\/\\\/portalf1.si\\\/index.php\\\/2025\\\/08\\\/06\\\/razkrito-pogovori-med-verstappnom-in-mercedesom-kdo-je-prvi-pristopil\\\/#primaryimage\",\"url\":\"https:\\\/\\\/portalf1.si\\\/wp-content\\\/uploads\\\/2025\\\/07\\\/max-verstappen-red-bull-racing-2.webp\",\"contentUrl\":\"https:\\\/\\\/portalf1.si\\\/wp-content\\\/uploads\\\/2025\\\/07\\\/max-verstappen-red-bull-racing-2.webp\",\"width\":1000,\"height\":668},{\"@type\":\"BreadcrumbList\",\"@id\":\"https:\\\/\\\/portalf1.si\\\/index.php\\\/2025\\\/08\\\/06\\\/razkrito-pogovori-med-verstappnom-in-mercedesom-kdo-je-prvi-pristopil\\\/#breadcrumb\",\"itemListElement\":[{\"@type\":\"ListItem\",\"position\":1,\"name\":\"Home\",\"item\":\"https:\\\/\\\/portalf1.si\\\/\"},{\"@type\":\"ListItem\",\"position\":2,\"name\":\"Razkrito! Pogovori med Verstappnom in Mercedesom: Kdo je prvi pristopil?\"}]},{\"@type\":\"WebSite\",\"@id\":\"https:\\\/\\\/portalf1.si\\\/#website\",\"url\":\"https:\\\/\\\/portalf1.si\\\/\",\"name\":\"Portal F1\",\"description\":\"Vstopite v svet hitrosti in adrenalina\",\"publisher\":{\"@id\":\"https:\\\/\\\/portalf1.si\\\/#organization\"},\"potentialAction\":[{\"@type\":\"SearchAction\",\"target\":{\"@type\":\"EntryPoint\",\"urlTemplate\":\"https:\\\/\\\/portalf1.si\\\/?s={search_term_string}\"},\"query-input\":{\"@type\":\"PropertyValueSpecification\",\"valueRequired\":true,\"valueName\":\"search_term_string\"}}],\"inLanguage\":\"sl-SI\"},{\"@type\":\"Organization\",\"@id\":\"https:\\\/\\\/portalf1.si\\\/#organization\",\"name\":\"Portal F1\",\"url\":\"https:\\\/\\\/portalf1.si\\\/\",\"logo\":{\"@type\":\"ImageObject\",\"inLanguage\":\"sl-SI\",\"@id\":\"https:\\\/\\\/portalf1.si\\\/#\\\/schema\\\/logo\\\/image\\\/\",\"url\":\"https:\\\/\\\/portalf1.si\\\/wp-content\\\/uploads\\\/2025\\\/02\\\/cropped-HiPaint_1738532868530.png\",\"contentUrl\":\"https:\\\/\\\/portalf1.si\\\/wp-content\\\/uploads\\\/2025\\\/02\\\/cropped-HiPaint_1738532868530.png\",\"width\":512,\"height\":512,\"caption\":\"Portal F1\"},\"image\":{\"@id\":\"https:\\\/\\\/portalf1.si\\\/#\\\/schema\\\/logo\\\/image\\\/\"},\"sameAs\":[\"https:\\\/\\\/www.facebook.com\\\/portalf1.si\\\/?locale=sl_SI\"]},{\"@type\":\"Person\",\"@id\":\"https:\\\/\\\/portalf1.si\\\/#\\\/schema\\\/person\\\/abfef3ba57233710daadfbdd742fecd5\",\"name\":\"Denis \u0160tojs\",\"image\":{\"@type\":\"ImageObject\",\"inLanguage\":\"sl-SI\",\"@id\":\"https:\\\/\\\/secure.gravatar.com\\\/avatar\\\/b006ce11dfb9c6e47e9de9803eefbdc14aa4afb445f3cca05acc735c22115b38?s=96&d=mm&r=g\",\"url\":\"https:\\\/\\\/secure.gravatar.com\\\/avatar\\\/b006ce11dfb9c6e47e9de9803eefbdc14aa4afb445f3cca05acc735c22115b38?s=96&d=mm&r=g\",\"contentUrl\":\"https:\\\/\\\/secure.gravatar.com\\\/avatar\\\/b006ce11dfb9c6e47e9de9803eefbdc14aa4afb445f3cca05acc735c22115b38?s=96&d=mm&r=g\",\"caption\":\"Denis \u0160tojs\"},\"sameAs\":[\"https:\\\/\\\/portalf1.si\"],\"url\":\"https:\\\/\\\/portalf1.si\\\/index.php\\\/author\\\/portalf1\\\/\"}]}<\/script>\n<!-- \/ Yoast SEO plugin. -->","yoast_head_json":{"title":"Razkrito! Pogovori med Verstappnom in Mercedesom: Kdo je prvi pristopil? - Portal F1","description":"Po mesecih govoric in ugibanj v svetu Formule 1 je Max Verstappen prej\u0161nji petek na Hungaroringu kon\u010dal z negotovostjo.","robots":{"index":"index","follow":"follow","max-snippet":"max-snippet:-1","max-image-preview":"max-image-preview:large","max-video-preview":"max-video-preview:-1"},"canonical":"https:\/\/portalf1.si\/index.php\/2025\/08\/06\/razkrito-pogovori-med-verstappnom-in-mercedesom-kdo-je-prvi-pristopil\/","og_locale":"sl_SI","og_type":"article","og_title":"Razkrito! Pogovori med Verstappnom in Mercedesom: Kdo je prvi pristopil? - Portal F1","og_description":"Po mesecih govoric in ugibanj v svetu Formule 1 je Max Verstappen prej\u0161nji petek na Hungaroringu kon\u010dal z negotovostjo.","og_url":"https:\/\/portalf1.si\/index.php\/2025\/08\/06\/razkrito-pogovori-med-verstappnom-in-mercedesom-kdo-je-prvi-pristopil\/","og_site_name":"Portal F1","article_publisher":"https:\/\/www.facebook.com\/portalf1.si\/?locale=sl_SI","article_published_time":"2025-08-06T22:29:54+00:00","og_image":[{"width":1000,"height":668,"url":"https:\/\/portalf1.si\/wp-content\/uploads\/2025\/07\/max-verstappen-red-bull-racing-2.webp","type":"image\/jpeg"}],"author":"Denis \u0160tojs","twitter_card":"summary_large_image","twitter_misc":{"Written by":"Denis \u0160tojs","Est. reading time":"2 minuti"},"schema":{"@context":"https:\/\/schema.org","@graph":[{"@type":"Article","@id":"https:\/\/portalf1.si\/index.php\/2025\/08\/06\/razkrito-pogovori-med-verstappnom-in-mercedesom-kdo-je-prvi-pristopil\/#article","isPartOf":{"@id":"https:\/\/portalf1.si\/index.php\/2025\/08\/06\/razkrito-pogovori-med-verstappnom-in-mercedesom-kdo-je-prvi-pristopil\/"},"author":{"name":"Denis \u0160tojs","@id":"https:\/\/portalf1.si\/#\/schema\/person\/abfef3ba57233710daadfbdd742fecd5"},"headline":"Razkrito! Pogovori med Verstappnom in Mercedesom: Kdo je prvi pristopil?","datePublished":"2025-08-06T22:29:54+00:00","mainEntityOfPage":{"@id":"https:\/\/portalf1.si\/index.php\/2025\/08\/06\/razkrito-pogovori-med-verstappnom-in-mercedesom-kdo-je-prvi-pristopil\/"},"wordCount":327,"commentCount":0,"publisher":{"@id":"https:\/\/portalf1.si\/#organization"},"image":{"@id":"https:\/\/portalf1.si\/index.php\/2025\/08\/06\/razkrito-pogovori-med-verstappnom-in-mercedesom-kdo-je-prvi-pristopil\/#primaryimage"},"thumbnailUrl":"https:\/\/portalf1.si\/wp-content\/uploads\/2025\/07\/max-verstappen-red-bull-racing-2.webp","keywords":["F1","F1 2025","F1 Slovenija","Formula 1","Formula 1 2025","Formula 1 Slovenija","Max Verstappen","Mercedes","Red Bull"],"articleSection":["Formula 1","Max Verstappen","Mercedes","Novice","Red Bull"],"inLanguage":"sl-SI","potentialAction":[{"@type":"CommentAction","name":"Comment","target":["https:\/\/portalf1.si\/index.php\/2025\/08\/06\/razkrito-pogovori-med-verstappnom-in-mercedesom-kdo-je-prvi-pristopil\/#respond"]}]},{"@type":"WebPage","@id":"https:\/\/portalf1.si\/index.php\/2025\/08\/06\/razkrito-pogovori-med-verstappnom-in-mercedesom-kdo-je-prvi-pristopil\/","url":"https:\/\/portalf1.si\/index.php\/2025\/08\/06\/razkrito-pogovori-med-verstappnom-in-mercedesom-kdo-je-prvi-pristopil\/","name":"Razkrito! Pogovori med Verstappnom in Mercedesom: Kdo je prvi pristopil? - Portal F1","isPartOf":{"@id":"https:\/\/portalf1.si\/#website"},"primaryImageOfPage":{"@id":"https:\/\/portalf1.si\/index.php\/2025\/08\/06\/razkrito-pogovori-med-verstappnom-in-mercedesom-kdo-je-prvi-pristopil\/#primaryimage"},"image":{"@id":"https:\/\/portalf1.si\/index.php\/2025\/08\/06\/razkrito-pogovori-med-verstappnom-in-mercedesom-kdo-je-prvi-pristopil\/#primaryimage"},"thumbnailUrl":"https:\/\/portalf1.si\/wp-content\/uploads\/2025\/07\/max-verstappen-red-bull-racing-2.webp","datePublished":"2025-08-06T22:29:54+00:00","description":"Po mesecih govoric in ugibanj v svetu Formule 1 je Max Verstappen prej\u0161nji petek na Hungaroringu kon\u010dal z negotovostjo.","breadcrumb":{"@id":"https:\/\/portalf1.si\/index.php\/2025\/08\/06\/razkrito-pogovori-med-verstappnom-in-mercedesom-kdo-je-prvi-pristopil\/#breadcrumb"},"inLanguage":"sl-SI","potentialAction":[{"@type":"ReadAction","target":["https:\/\/portalf1.si\/index.php\/2025\/08\/06\/razkrito-pogovori-med-verstappnom-in-mercedesom-kdo-je-prvi-pristopil\/"]}]},{"@type":"ImageObject","inLanguage":"sl-SI","@id":"https:\/\/portalf1.si\/index.php\/2025\/08\/06\/razkrito-pogovori-med-verstappnom-in-mercedesom-kdo-je-prvi-pristopil\/#primaryimage","url":"https:\/\/portalf1.si\/wp-content\/uploads\/2025\/07\/max-verstappen-red-bull-racing-2.webp","contentUrl":"https:\/\/portalf1.si\/wp-content\/uploads\/2025\/07\/max-verstappen-red-bull-racing-2.webp","width":1000,"height":668},{"@type":"BreadcrumbList","@id":"https:\/\/portalf1.si\/index.php\/2025\/08\/06\/razkrito-pogovori-med-verstappnom-in-mercedesom-kdo-je-prvi-pristopil\/#breadcrumb","itemListElement":[{"@type":"ListItem","position":1,"name":"Home","item":"https:\/\/portalf1.si\/"},{"@type":"ListItem","position":2,"name":"Razkrito! Pogovori med Verstappnom in Mercedesom: Kdo je prvi pristopil?"}]},{"@type":"WebSite","@id":"https:\/\/portalf1.si\/#website","url":"https:\/\/portalf1.si\/","name":"Portal F1","description":"Vstopite v svet hitrosti in adrenalina","publisher":{"@id":"https:\/\/portalf1.si\/#organization"},"potentialAction":[{"@type":"SearchAction","target":{"@type":"EntryPoint","urlTemplate":"https:\/\/portalf1.si\/?s={search_term_string}"},"query-input":{"@type":"PropertyValueSpecification","valueRequired":true,"valueName":"search_term_string"}}],"inLanguage":"sl-SI"},{"@type":"Organization","@id":"https:\/\/portalf1.si\/#organization","name":"Portal F1","url":"https:\/\/portalf1.si\/","logo":{"@type":"ImageObject","inLanguage":"sl-SI","@id":"https:\/\/portalf1.si\/#\/schema\/logo\/image\/","url":"https:\/\/portalf1.si\/wp-content\/uploads\/2025\/02\/cropped-HiPaint_1738532868530.png","contentUrl":"https:\/\/portalf1.si\/wp-content\/uploads\/2025\/02\/cropped-HiPaint_1738532868530.png","width":512,"height":512,"caption":"Portal F1"},"image":{"@id":"https:\/\/portalf1.si\/#\/schema\/logo\/image\/"},"sameAs":["https:\/\/www.facebook.com\/portalf1.si\/?locale=sl_SI"]},{"@type":"Person","@id":"https:\/\/portalf1.si\/#\/schema\/person\/abfef3ba57233710daadfbdd742fecd5","name":"Denis \u0160tojs","image":{"@type":"ImageObject","inLanguage":"sl-SI","@id":"https:\/\/secure.gravatar.com\/avatar\/b006ce11dfb9c6e47e9de9803eefbdc14aa4afb445f3cca05acc735c22115b38?s=96&d=mm&r=g","url":"https:\/\/secure.gravatar.com\/avatar\/b006ce11dfb9c6e47e9de9803eefbdc14aa4afb445f3cca05acc735c22115b38?s=96&d=mm&r=g","contentUrl":"https:\/\/secure.gravatar.com\/avatar\/b006ce11dfb9c6e47e9de9803eefbdc14aa4afb445f3cca05acc735c22115b38?s=96&d=mm&r=g","caption":"Denis \u0160tojs"},"sameAs":["https:\/\/portalf1.si"],"url":"https:\/\/portalf1.si\/index.php\/author\/portalf1\/"}]}},"_links":{"self":[{"href":"https:\/\/portalf1.si\/index.php\/wp-json\/wp\/v2\/posts\/7501","targetHints":{"allow":["GET"]}}],"collection":[{"href":"https:\/\/portalf1.si\/index.php\/wp-json\/wp\/v2\/posts"}],"about":[{"href":"https:\/\/portalf1.si\/index.php\/wp-json\/wp\/v2\/types\/post"}],"author":[{"embeddable":true,"href":"https:\/\/portalf1.si\/index.php\/wp-json\/wp\/v2\/users\/1"}],"replies":[{"embeddable":true,"href":"https:\/\/portalf1.si\/index.php\/wp-json\/wp\/v2\/comments?post=7501"}],"version-history":[{"count":2,"href":"https:\/\/portalf1.si\/index.php\/wp-json\/wp\/v2\/posts\/7501\/revisions"}],"predecessor-version":[{"id":7503,"href":"https:\/\/portalf1.si\/index.php\/wp-json\/wp\/v2\/posts\/7501\/revisions\/7503"}],"wp:featuredmedia":[{"embeddable":true,"href":"https:\/\/portalf1.si\/index.php\/wp-json\/wp\/v2\/media\/7149"}],"wp:attachment":[{"href":"https:\/\/portalf1.si\/index.php\/wp-json\/wp\/v2\/media?parent=7501"}],"wp:term":[{"taxonomy":"category","embeddable":true,"href":"https:\/\/portalf1.si\/index.php\/wp-json\/wp\/v2\/categories?post=7501"},{"taxonomy":"post_tag","embeddable":true,"href":"https:\/\/portalf1.si\/index.php\/wp-json\/wp\/v2\/tags?post=7501"}],"curies":[{"name":"wp","href":"https:\/\/api.w.org\/{rel}","templated":true}]}}