{"id":7622,"date":"2025-08-27T06:51:25","date_gmt":"2025-08-27T06:51:25","guid":{"rendered":"https:\/\/portalf1.si\/?p=7622"},"modified":"2025-08-27T06:51:25","modified_gmt":"2025-08-27T06:51:25","slug":"ali-je-hamilton-pred-prestopom-podcenjeval-leclerca","status":"publish","type":"post","link":"https:\/\/portalf1.si\/index.php\/2025\/08\/27\/ali-je-hamilton-pred-prestopom-podcenjeval-leclerca\/","title":{"rendered":"Ali je Hamilton pred prestopom podcenjeval Leclerca?"},"content":{"rendered":"<p><strong>Italijanski novinar Formule 1 Leo Turrini meni, da je Lewis Hamilton v svojem prvem delu sezone pri Ferrariju podcenil tekmovalnost Charlesa Leclerca, kot mo\u017eno zamenjavo pa je izpostavil tudi Maxa Verstappna.<\/strong><\/p>\n<p>Hamiltonov za\u010detek pri rde\u010dih je za zdaj precej pod pri\u010dakovanji navija\u010dev in poznavalcev. Po 14 dirkah sedemkratni svetovni prvak \u0161e vedno ni stal na odru za zmagovalce in zdi se, kot da ne najde pravega ritma, \u010deprav je sezona \u017ee zdavnaj v drugi polovici.<\/p>\n<p>Na drugi strani Charles Leclerc do\u017eivlja eno najbolj\u0161ih sezon, odkar je pri Ferrariju, \u0161e posebej, \u010de upo\u0161tevamo, da SF-25 doslej ni bil pretirano konkuren\u010den. Le redko je lahko resno ogro\u017eal McLarnov MCL-39, izjema pa je bila Mad\u017earska.<\/p>\n<p>Na Hungaroringu je Mona\u010dan pri\u0161el do svojega prvega &#8216;pole positiona&#8217; v sezoni. Nepri\u010dakovan dose\u017eek, ki pa ga zaradi tehni\u010dnih te\u017eav v zadnjem delu dirke ni uspel spremeniti v zmago. Leclerc se kljub temu lahko pohvali s petimi stopni\u010dkami, enako kot Verstappen, le da ima Nizozemec letos \u017ee dve zmagi ve\u010d.<\/p>\n<p>Ob analizi te zahtevne faze Hamiltonove kariere je Turrini na svojem blogu Profondo Rosso zapisal : <em>&#8220;Iskreno povedano, Lewis je podcenil Charlesa. Verjel je pripovedi, da Charles ni bolj\u0161i od Sainza in podobnim govoricam. Ko je spoznal svojo napako, hkrati pa imel na voljo dokaj povpre\u010den dirkalnik, je utrpel udarec v njegovo samozavest. Zdaj je na njem, da se izkoplje iz te luknje.&#8221;<\/em><\/p>\n<p>Na vpra\u0161anje, kdo bi lahko bil Hamiltonova zamenjava, \u010de bi se Angle\u017e odlo\u010dil za upokojitev, je Turrini odgovoril brez obotavljanja. <em>&#8220;\u010ce je vpra\u0161anje povsem hipoteti\u010dno, brez pogodb, ekipne politike in podobnega, potem bi vsaki\u010d izbral Verstappna. Pravzaprav mislim, da ga bomo neko\u010d res videli v rde\u010dem.&#8221;<\/em><\/p>\n<blockquote class=\"wp-embedded-content\" data-secret=\"st3zyVyyPt\"><p><a href=\"https:\/\/portalf1.si\/index.php\/2025\/08\/26\/to-je-razlog-zakaj-je-verstappen-boljsi-kot-hamilton\/\">To je razlog, zakaj je Verstappen bolj\u0161i kot Hamilton<\/a><\/p><\/blockquote>\n<p><iframe loading=\"lazy\" class=\"wp-embedded-content\" sandbox=\"allow-scripts\" security=\"restricted\" style=\"position: absolute; visibility: hidden;\" title=\"&#8220;To je razlog, zakaj je Verstappen bolj\u0161i kot Hamilton&#8221; &#8212; Portal F1\" src=\"https:\/\/portalf1.si\/index.php\/2025\/08\/26\/to-je-razlog-zakaj-je-verstappen-boljsi-kot-hamilton\/embed\/#?secret=pyX2Rr6lV5#?secret=st3zyVyyPt\" data-secret=\"st3zyVyyPt\" width=\"600\" height=\"338\" frameborder=\"0\" marginwidth=\"0\" marginheight=\"0\" scrolling=\"no\"><\/iframe><\/p>\n","protected":false},"excerpt":{"rendered":"<p>Italijanski novinar Formule 1 Leo Turrini meni, da je Lewis Hamilton v svojem prvem delu sezone pri Ferrariju podcenil tekmovalnost Charlesa Leclerca, kot mo\u017eno zamenjavo pa je izpostavil tudi Maxa Verstappna. Hamiltonov za\u010detek pri rde\u010dih je za zdaj precej pod pri\u010dakovanji navija\u010dev in poznavalcev. Po 14 dirkah sedemkratni svetovni prvak \u0161e vedno ni stal na [&hellip;]<\/p>\n","protected":false},"author":1,"featured_media":7624,"comment_status":"open","ping_status":"open","sticky":false,"template":"","format":"standard","meta":{"footnotes":""},"categories":[120,34,30,41,31],"tags":[95,44,50,159,46,45,51,158,42],"class_list":["post-7622","post","type-post","status-publish","format-standard","has-post-thumbnail","hentry","category-charles-leclerc","category-ferrari","category-formula-1","category-lewis-hamilton","category-novice","tag-charles-leclerc","tag-f1","tag-f1-2025","tag-f1-slovenija","tag-ferrari","tag-formula-1","tag-formula-1-2025","tag-formula-1-slovenija","tag-lewis-hamilton"],"blocksy_meta":[],"yoast_head":"<!-- This site is optimized with the Yoast SEO plugin v27.4 - https:\/\/yoast.com\/product\/yoast-seo-wordpress\/ -->\n<title>Ali je Hamilton pred prestopom podcenjeval Leclerca? - Portal F1<\/title>\n<meta name=\"description\" content=\"Italijanski novinar Formule 1 Leo Turrini meni, da je Hamilton v svojem prvem delu sezone pri Ferrariju podcenil tekmovalnost Leclerca.\" \/>\n<meta name=\"robots\" content=\"index, follow, max-snippet:-1, max-image-preview:large, max-video-preview:-1\" \/>\n<link rel=\"canonical\" href=\"https:\/\/portalf1.si\/index.php\/2025\/08\/27\/ali-je-hamilton-pred-prestopom-podcenjeval-leclerca\/\" \/>\n<meta property=\"og:locale\" content=\"sl_SI\" \/>\n<meta property=\"og:type\" content=\"article\" \/>\n<meta property=\"og:title\" content=\"Ali je Hamilton pred prestopom podcenjeval Leclerca? - Portal F1\" \/>\n<meta property=\"og:description\" content=\"Italijanski novinar Formule 1 Leo Turrini meni, da je Hamilton v svojem prvem delu sezone pri Ferrariju podcenil tekmovalnost Leclerca.\" \/>\n<meta property=\"og:url\" content=\"https:\/\/portalf1.si\/index.php\/2025\/08\/27\/ali-je-hamilton-pred-prestopom-podcenjeval-leclerca\/\" \/>\n<meta property=\"og:site_name\" content=\"Portal F1\" \/>\n<meta property=\"article:publisher\" content=\"https:\/\/www.facebook.com\/portalf1.si\/?locale=sl_SI\" \/>\n<meta property=\"article:published_time\" content=\"2025-08-27T06:51:25+00:00\" \/>\n<meta property=\"og:image\" content=\"https:\/\/portalf1.si\/wp-content\/uploads\/2025\/08\/charles-leclerc-ferrari-lewis-.webp\" \/>\n\t<meta property=\"og:image:width\" content=\"1000\" \/>\n\t<meta property=\"og:image:height\" content=\"667\" \/>\n\t<meta property=\"og:image:type\" content=\"image\/jpeg\" \/>\n<meta name=\"author\" content=\"Denis \u0160tojs\" \/>\n<meta name=\"twitter:card\" content=\"summary_large_image\" \/>\n<meta name=\"twitter:label1\" content=\"Written by\" \/>\n\t<meta name=\"twitter:data1\" content=\"Denis \u0160tojs\" \/>\n\t<meta name=\"twitter:label2\" content=\"Est. reading time\" \/>\n\t<meta name=\"twitter:data2\" content=\"2 minuti\" \/>\n<script type=\"application\/ld+json\" class=\"yoast-schema-graph\">{\"@context\":\"https:\\\/\\\/schema.org\",\"@graph\":[{\"@type\":\"Article\",\"@id\":\"https:\\\/\\\/portalf1.si\\\/index.php\\\/2025\\\/08\\\/27\\\/ali-je-hamilton-pred-prestopom-podcenjeval-leclerca\\\/#article\",\"isPartOf\":{\"@id\":\"https:\\\/\\\/portalf1.si\\\/index.php\\\/2025\\\/08\\\/27\\\/ali-je-hamilton-pred-prestopom-podcenjeval-leclerca\\\/\"},\"author\":{\"name\":\"Denis \u0160tojs\",\"@id\":\"https:\\\/\\\/portalf1.si\\\/#\\\/schema\\\/person\\\/abfef3ba57233710daadfbdd742fecd5\"},\"headline\":\"Ali je Hamilton pred prestopom podcenjeval Leclerca?\",\"datePublished\":\"2025-08-27T06:51:25+00:00\",\"mainEntityOfPage\":{\"@id\":\"https:\\\/\\\/portalf1.si\\\/index.php\\\/2025\\\/08\\\/27\\\/ali-je-hamilton-pred-prestopom-podcenjeval-leclerca\\\/\"},\"wordCount\":306,\"commentCount\":0,\"publisher\":{\"@id\":\"https:\\\/\\\/portalf1.si\\\/#organization\"},\"image\":{\"@id\":\"https:\\\/\\\/portalf1.si\\\/index.php\\\/2025\\\/08\\\/27\\\/ali-je-hamilton-pred-prestopom-podcenjeval-leclerca\\\/#primaryimage\"},\"thumbnailUrl\":\"https:\\\/\\\/portalf1.si\\\/wp-content\\\/uploads\\\/2025\\\/08\\\/charles-leclerc-ferrari-lewis-.webp\",\"keywords\":[\"Charles Leclerc\",\"F1\",\"F1 2025\",\"F1 Slovenija\",\"Ferrari\",\"Formula 1\",\"Formula 1 2025\",\"Formula 1 Slovenija\",\"Lewis Hamilton\"],\"articleSection\":[\"Charles Leclerc\",\"Ferrari\",\"Formula 1\",\"Lewis Hamilton\",\"Novice\"],\"inLanguage\":\"sl-SI\",\"potentialAction\":[{\"@type\":\"CommentAction\",\"name\":\"Comment\",\"target\":[\"https:\\\/\\\/portalf1.si\\\/index.php\\\/2025\\\/08\\\/27\\\/ali-je-hamilton-pred-prestopom-podcenjeval-leclerca\\\/#respond\"]}]},{\"@type\":\"WebPage\",\"@id\":\"https:\\\/\\\/portalf1.si\\\/index.php\\\/2025\\\/08\\\/27\\\/ali-je-hamilton-pred-prestopom-podcenjeval-leclerca\\\/\",\"url\":\"https:\\\/\\\/portalf1.si\\\/index.php\\\/2025\\\/08\\\/27\\\/ali-je-hamilton-pred-prestopom-podcenjeval-leclerca\\\/\",\"name\":\"Ali je Hamilton pred prestopom podcenjeval Leclerca? - Portal F1\",\"isPartOf\":{\"@id\":\"https:\\\/\\\/portalf1.si\\\/#website\"},\"primaryImageOfPage\":{\"@id\":\"https:\\\/\\\/portalf1.si\\\/index.php\\\/2025\\\/08\\\/27\\\/ali-je-hamilton-pred-prestopom-podcenjeval-leclerca\\\/#primaryimage\"},\"image\":{\"@id\":\"https:\\\/\\\/portalf1.si\\\/index.php\\\/2025\\\/08\\\/27\\\/ali-je-hamilton-pred-prestopom-podcenjeval-leclerca\\\/#primaryimage\"},\"thumbnailUrl\":\"https:\\\/\\\/portalf1.si\\\/wp-content\\\/uploads\\\/2025\\\/08\\\/charles-leclerc-ferrari-lewis-.webp\",\"datePublished\":\"2025-08-27T06:51:25+00:00\",\"description\":\"Italijanski novinar Formule 1 Leo Turrini meni, da je Hamilton v svojem prvem delu sezone pri Ferrariju podcenil tekmovalnost Leclerca.\",\"breadcrumb\":{\"@id\":\"https:\\\/\\\/portalf1.si\\\/index.php\\\/2025\\\/08\\\/27\\\/ali-je-hamilton-pred-prestopom-podcenjeval-leclerca\\\/#breadcrumb\"},\"inLanguage\":\"sl-SI\",\"potentialAction\":[{\"@type\":\"ReadAction\",\"target\":[\"https:\\\/\\\/portalf1.si\\\/index.php\\\/2025\\\/08\\\/27\\\/ali-je-hamilton-pred-prestopom-podcenjeval-leclerca\\\/\"]}]},{\"@type\":\"ImageObject\",\"inLanguage\":\"sl-SI\",\"@id\":\"https:\\\/\\\/portalf1.si\\\/index.php\\\/2025\\\/08\\\/27\\\/ali-je-hamilton-pred-prestopom-podcenjeval-leclerca\\\/#primaryimage\",\"url\":\"https:\\\/\\\/portalf1.si\\\/wp-content\\\/uploads\\\/2025\\\/08\\\/charles-leclerc-ferrari-lewis-.webp\",\"contentUrl\":\"https:\\\/\\\/portalf1.si\\\/wp-content\\\/uploads\\\/2025\\\/08\\\/charles-leclerc-ferrari-lewis-.webp\",\"width\":1000,\"height\":667},{\"@type\":\"BreadcrumbList\",\"@id\":\"https:\\\/\\\/portalf1.si\\\/index.php\\\/2025\\\/08\\\/27\\\/ali-je-hamilton-pred-prestopom-podcenjeval-leclerca\\\/#breadcrumb\",\"itemListElement\":[{\"@type\":\"ListItem\",\"position\":1,\"name\":\"Home\",\"item\":\"https:\\\/\\\/portalf1.si\\\/\"},{\"@type\":\"ListItem\",\"position\":2,\"name\":\"Ali je Hamilton pred prestopom podcenjeval Leclerca?\"}]},{\"@type\":\"WebSite\",\"@id\":\"https:\\\/\\\/portalf1.si\\\/#website\",\"url\":\"https:\\\/\\\/portalf1.si\\\/\",\"name\":\"Portal F1\",\"description\":\"Vstopite v svet hitrosti in adrenalina\",\"publisher\":{\"@id\":\"https:\\\/\\\/portalf1.si\\\/#organization\"},\"potentialAction\":[{\"@type\":\"SearchAction\",\"target\":{\"@type\":\"EntryPoint\",\"urlTemplate\":\"https:\\\/\\\/portalf1.si\\\/?s={search_term_string}\"},\"query-input\":{\"@type\":\"PropertyValueSpecification\",\"valueRequired\":true,\"valueName\":\"search_term_string\"}}],\"inLanguage\":\"sl-SI\"},{\"@type\":\"Organization\",\"@id\":\"https:\\\/\\\/portalf1.si\\\/#organization\",\"name\":\"Portal F1\",\"url\":\"https:\\\/\\\/portalf1.si\\\/\",\"logo\":{\"@type\":\"ImageObject\",\"inLanguage\":\"sl-SI\",\"@id\":\"https:\\\/\\\/portalf1.si\\\/#\\\/schema\\\/logo\\\/image\\\/\",\"url\":\"https:\\\/\\\/portalf1.si\\\/wp-content\\\/uploads\\\/2025\\\/02\\\/cropped-HiPaint_1738532868530.png\",\"contentUrl\":\"https:\\\/\\\/portalf1.si\\\/wp-content\\\/uploads\\\/2025\\\/02\\\/cropped-HiPaint_1738532868530.png\",\"width\":512,\"height\":512,\"caption\":\"Portal F1\"},\"image\":{\"@id\":\"https:\\\/\\\/portalf1.si\\\/#\\\/schema\\\/logo\\\/image\\\/\"},\"sameAs\":[\"https:\\\/\\\/www.facebook.com\\\/portalf1.si\\\/?locale=sl_SI\"]},{\"@type\":\"Person\",\"@id\":\"https:\\\/\\\/portalf1.si\\\/#\\\/schema\\\/person\\\/abfef3ba57233710daadfbdd742fecd5\",\"name\":\"Denis \u0160tojs\",\"image\":{\"@type\":\"ImageObject\",\"inLanguage\":\"sl-SI\",\"@id\":\"https:\\\/\\\/secure.gravatar.com\\\/avatar\\\/b006ce11dfb9c6e47e9de9803eefbdc14aa4afb445f3cca05acc735c22115b38?s=96&d=mm&r=g\",\"url\":\"https:\\\/\\\/secure.gravatar.com\\\/avatar\\\/b006ce11dfb9c6e47e9de9803eefbdc14aa4afb445f3cca05acc735c22115b38?s=96&d=mm&r=g\",\"contentUrl\":\"https:\\\/\\\/secure.gravatar.com\\\/avatar\\\/b006ce11dfb9c6e47e9de9803eefbdc14aa4afb445f3cca05acc735c22115b38?s=96&d=mm&r=g\",\"caption\":\"Denis \u0160tojs\"},\"sameAs\":[\"https:\\\/\\\/portalf1.si\"],\"url\":\"https:\\\/\\\/portalf1.si\\\/index.php\\\/author\\\/portalf1\\\/\"}]}<\/script>\n<!-- \/ Yoast SEO plugin. -->","yoast_head_json":{"title":"Ali je Hamilton pred prestopom podcenjeval Leclerca? - Portal F1","description":"Italijanski novinar Formule 1 Leo Turrini meni, da je Hamilton v svojem prvem delu sezone pri Ferrariju podcenil tekmovalnost Leclerca.","robots":{"index":"index","follow":"follow","max-snippet":"max-snippet:-1","max-image-preview":"max-image-preview:large","max-video-preview":"max-video-preview:-1"},"canonical":"https:\/\/portalf1.si\/index.php\/2025\/08\/27\/ali-je-hamilton-pred-prestopom-podcenjeval-leclerca\/","og_locale":"sl_SI","og_type":"article","og_title":"Ali je Hamilton pred prestopom podcenjeval Leclerca? - Portal F1","og_description":"Italijanski novinar Formule 1 Leo Turrini meni, da je Hamilton v svojem prvem delu sezone pri Ferrariju podcenil tekmovalnost Leclerca.","og_url":"https:\/\/portalf1.si\/index.php\/2025\/08\/27\/ali-je-hamilton-pred-prestopom-podcenjeval-leclerca\/","og_site_name":"Portal F1","article_publisher":"https:\/\/www.facebook.com\/portalf1.si\/?locale=sl_SI","article_published_time":"2025-08-27T06:51:25+00:00","og_image":[{"width":1000,"height":667,"url":"https:\/\/portalf1.si\/wp-content\/uploads\/2025\/08\/charles-leclerc-ferrari-lewis-.webp","type":"image\/jpeg"}],"author":"Denis \u0160tojs","twitter_card":"summary_large_image","twitter_misc":{"Written by":"Denis \u0160tojs","Est. reading time":"2 minuti"},"schema":{"@context":"https:\/\/schema.org","@graph":[{"@type":"Article","@id":"https:\/\/portalf1.si\/index.php\/2025\/08\/27\/ali-je-hamilton-pred-prestopom-podcenjeval-leclerca\/#article","isPartOf":{"@id":"https:\/\/portalf1.si\/index.php\/2025\/08\/27\/ali-je-hamilton-pred-prestopom-podcenjeval-leclerca\/"},"author":{"name":"Denis \u0160tojs","@id":"https:\/\/portalf1.si\/#\/schema\/person\/abfef3ba57233710daadfbdd742fecd5"},"headline":"Ali je Hamilton pred prestopom podcenjeval Leclerca?","datePublished":"2025-08-27T06:51:25+00:00","mainEntityOfPage":{"@id":"https:\/\/portalf1.si\/index.php\/2025\/08\/27\/ali-je-hamilton-pred-prestopom-podcenjeval-leclerca\/"},"wordCount":306,"commentCount":0,"publisher":{"@id":"https:\/\/portalf1.si\/#organization"},"image":{"@id":"https:\/\/portalf1.si\/index.php\/2025\/08\/27\/ali-je-hamilton-pred-prestopom-podcenjeval-leclerca\/#primaryimage"},"thumbnailUrl":"https:\/\/portalf1.si\/wp-content\/uploads\/2025\/08\/charles-leclerc-ferrari-lewis-.webp","keywords":["Charles Leclerc","F1","F1 2025","F1 Slovenija","Ferrari","Formula 1","Formula 1 2025","Formula 1 Slovenija","Lewis Hamilton"],"articleSection":["Charles Leclerc","Ferrari","Formula 1","Lewis Hamilton","Novice"],"inLanguage":"sl-SI","potentialAction":[{"@type":"CommentAction","name":"Comment","target":["https:\/\/portalf1.si\/index.php\/2025\/08\/27\/ali-je-hamilton-pred-prestopom-podcenjeval-leclerca\/#respond"]}]},{"@type":"WebPage","@id":"https:\/\/portalf1.si\/index.php\/2025\/08\/27\/ali-je-hamilton-pred-prestopom-podcenjeval-leclerca\/","url":"https:\/\/portalf1.si\/index.php\/2025\/08\/27\/ali-je-hamilton-pred-prestopom-podcenjeval-leclerca\/","name":"Ali je Hamilton pred prestopom podcenjeval Leclerca? - Portal F1","isPartOf":{"@id":"https:\/\/portalf1.si\/#website"},"primaryImageOfPage":{"@id":"https:\/\/portalf1.si\/index.php\/2025\/08\/27\/ali-je-hamilton-pred-prestopom-podcenjeval-leclerca\/#primaryimage"},"image":{"@id":"https:\/\/portalf1.si\/index.php\/2025\/08\/27\/ali-je-hamilton-pred-prestopom-podcenjeval-leclerca\/#primaryimage"},"thumbnailUrl":"https:\/\/portalf1.si\/wp-content\/uploads\/2025\/08\/charles-leclerc-ferrari-lewis-.webp","datePublished":"2025-08-27T06:51:25+00:00","description":"Italijanski novinar Formule 1 Leo Turrini meni, da je Hamilton v svojem prvem delu sezone pri Ferrariju podcenil tekmovalnost Leclerca.","breadcrumb":{"@id":"https:\/\/portalf1.si\/index.php\/2025\/08\/27\/ali-je-hamilton-pred-prestopom-podcenjeval-leclerca\/#breadcrumb"},"inLanguage":"sl-SI","potentialAction":[{"@type":"ReadAction","target":["https:\/\/portalf1.si\/index.php\/2025\/08\/27\/ali-je-hamilton-pred-prestopom-podcenjeval-leclerca\/"]}]},{"@type":"ImageObject","inLanguage":"sl-SI","@id":"https:\/\/portalf1.si\/index.php\/2025\/08\/27\/ali-je-hamilton-pred-prestopom-podcenjeval-leclerca\/#primaryimage","url":"https:\/\/portalf1.si\/wp-content\/uploads\/2025\/08\/charles-leclerc-ferrari-lewis-.webp","contentUrl":"https:\/\/portalf1.si\/wp-content\/uploads\/2025\/08\/charles-leclerc-ferrari-lewis-.webp","width":1000,"height":667},{"@type":"BreadcrumbList","@id":"https:\/\/portalf1.si\/index.php\/2025\/08\/27\/ali-je-hamilton-pred-prestopom-podcenjeval-leclerca\/#breadcrumb","itemListElement":[{"@type":"ListItem","position":1,"name":"Home","item":"https:\/\/portalf1.si\/"},{"@type":"ListItem","position":2,"name":"Ali je Hamilton pred prestopom podcenjeval Leclerca?"}]},{"@type":"WebSite","@id":"https:\/\/portalf1.si\/#website","url":"https:\/\/portalf1.si\/","name":"Portal F1","description":"Vstopite v svet hitrosti in adrenalina","publisher":{"@id":"https:\/\/portalf1.si\/#organization"},"potentialAction":[{"@type":"SearchAction","target":{"@type":"EntryPoint","urlTemplate":"https:\/\/portalf1.si\/?s={search_term_string}"},"query-input":{"@type":"PropertyValueSpecification","valueRequired":true,"valueName":"search_term_string"}}],"inLanguage":"sl-SI"},{"@type":"Organization","@id":"https:\/\/portalf1.si\/#organization","name":"Portal F1","url":"https:\/\/portalf1.si\/","logo":{"@type":"ImageObject","inLanguage":"sl-SI","@id":"https:\/\/portalf1.si\/#\/schema\/logo\/image\/","url":"https:\/\/portalf1.si\/wp-content\/uploads\/2025\/02\/cropped-HiPaint_1738532868530.png","contentUrl":"https:\/\/portalf1.si\/wp-content\/uploads\/2025\/02\/cropped-HiPaint_1738532868530.png","width":512,"height":512,"caption":"Portal F1"},"image":{"@id":"https:\/\/portalf1.si\/#\/schema\/logo\/image\/"},"sameAs":["https:\/\/www.facebook.com\/portalf1.si\/?locale=sl_SI"]},{"@type":"Person","@id":"https:\/\/portalf1.si\/#\/schema\/person\/abfef3ba57233710daadfbdd742fecd5","name":"Denis \u0160tojs","image":{"@type":"ImageObject","inLanguage":"sl-SI","@id":"https:\/\/secure.gravatar.com\/avatar\/b006ce11dfb9c6e47e9de9803eefbdc14aa4afb445f3cca05acc735c22115b38?s=96&d=mm&r=g","url":"https:\/\/secure.gravatar.com\/avatar\/b006ce11dfb9c6e47e9de9803eefbdc14aa4afb445f3cca05acc735c22115b38?s=96&d=mm&r=g","contentUrl":"https:\/\/secure.gravatar.com\/avatar\/b006ce11dfb9c6e47e9de9803eefbdc14aa4afb445f3cca05acc735c22115b38?s=96&d=mm&r=g","caption":"Denis \u0160tojs"},"sameAs":["https:\/\/portalf1.si"],"url":"https:\/\/portalf1.si\/index.php\/author\/portalf1\/"}]}},"_links":{"self":[{"href":"https:\/\/portalf1.si\/index.php\/wp-json\/wp\/v2\/posts\/7622","targetHints":{"allow":["GET"]}}],"collection":[{"href":"https:\/\/portalf1.si\/index.php\/wp-json\/wp\/v2\/posts"}],"about":[{"href":"https:\/\/portalf1.si\/index.php\/wp-json\/wp\/v2\/types\/post"}],"author":[{"embeddable":true,"href":"https:\/\/portalf1.si\/index.php\/wp-json\/wp\/v2\/users\/1"}],"replies":[{"embeddable":true,"href":"https:\/\/portalf1.si\/index.php\/wp-json\/wp\/v2\/comments?post=7622"}],"version-history":[{"count":7,"href":"https:\/\/portalf1.si\/index.php\/wp-json\/wp\/v2\/posts\/7622\/revisions"}],"predecessor-version":[{"id":7630,"href":"https:\/\/portalf1.si\/index.php\/wp-json\/wp\/v2\/posts\/7622\/revisions\/7630"}],"wp:featuredmedia":[{"embeddable":true,"href":"https:\/\/portalf1.si\/index.php\/wp-json\/wp\/v2\/media\/7624"}],"wp:attachment":[{"href":"https:\/\/portalf1.si\/index.php\/wp-json\/wp\/v2\/media?parent=7622"}],"wp:term":[{"taxonomy":"category","embeddable":true,"href":"https:\/\/portalf1.si\/index.php\/wp-json\/wp\/v2\/categories?post=7622"},{"taxonomy":"post_tag","embeddable":true,"href":"https:\/\/portalf1.si\/index.php\/wp-json\/wp\/v2\/tags?post=7622"}],"curies":[{"name":"wp","href":"https:\/\/api.w.org\/{rel}","templated":true}]}}