{"id":7672,"date":"2025-08-29T10:04:58","date_gmt":"2025-08-29T10:04:58","guid":{"rendered":"https:\/\/portalf1.si\/?p=7672"},"modified":"2025-08-29T10:04:58","modified_gmt":"2025-08-29T10:04:58","slug":"hamilton-verjame-v-ferrarijev-potencial-brez-tezav-ni-uspeha","status":"publish","type":"post","link":"https:\/\/portalf1.si\/index.php\/2025\/08\/29\/hamilton-verjame-v-ferrarijev-potencial-brez-tezav-ni-uspeha\/","title":{"rendered":"Hamilton verjame v Ferrarijev potencial: Bre\u017e te\u017eav ni uspeha"},"content":{"rendered":"<p data-start=\"0\" data-end=\"265\"><strong>Lewis Hamilton je bil po VN Mad\u017earske mo\u010dno razo\u010daran. V Zandvoortu je Britanec razmi\u0161ljal o svojih te\u017eavah in poudaril, da to ni prvi\u010d, ko se v dirkalniku soo\u010da s tak\u0161nimi zapleti. Na Hungaroringu je pred poletnim premorom ostal brez to\u010dk in precej potrto razpolo\u017een.<\/strong><\/p>\n<p data-start=\"267\" data-end=\"537\">Hamilton je po kvalifikacijah za VN Mad\u017earske dejal, da je neuporaben in da bi moral Ferrari morda zamenjati dirka\u010de. Pred za\u010detkom VN Nizozemske je Britanec v pogovoru za medije pojasnil, da je bilo \u017ee veliko trenutkov, ko mu z dirkalnikom ni uspelo najti pravega ob\u010dutka.<\/p>\n<p data-start=\"539\" data-end=\"765\"><em>&#8220;Nikoli se nisem preprosto usedel v dirkalnik in zmagal. Vedno so bila te\u017eka obdobja. No\u010dem postati preve\u010d samozadovoljen in spro\u0161\u010den, saj se mi je to\u010dno to zgodilo pri Mercedesu,&#8221;<\/em> je pogovor za\u010del Hamilton.<\/p>\n<p data-start=\"767\" data-end=\"1020\">Britanec je poudaril, da ekipi \u0161e naprej zaupa. <em>&#8220;S tem korakom sem \u0161el v mo\u0161tvo, v katerega resni\u010dno verjamem in \u0161e vedno verjamem v potencial, ki ga imamo in kaj lahko skupaj dose\u017eemo. Mislim, da tako \u010duti vsak \u010dlan ekipe. Toda nih\u010de ne uspe brez te\u017ekih trenutkov, zato jih tudi sprejemam. Veselim se lep\u0161ih dni, ki zagotovo \u0161e pridejo.&#8221;<\/em><\/p>\n<blockquote class=\"wp-embedded-content\" data-secret=\"6vGnna82gJ\"><p><a href=\"https:\/\/portalf1.si\/index.php\/2025\/08\/28\/razkrita-ena-od-tezav-zarad-katere-hamilton-ne-ujame-prave-forme-s-ferrarijem\/\">Razkrita ena od te\u017eav, zaradi katere Hamilton ne ujame prave forme s Ferrarijem<\/a><\/p><\/blockquote>\n<p><iframe loading=\"lazy\" class=\"wp-embedded-content\" sandbox=\"allow-scripts\" security=\"restricted\" style=\"position: absolute; visibility: hidden;\" title=\"&#8220;Razkrita ena od te\u017eav, zaradi katere Hamilton ne ujame prave forme s Ferrarijem&#8221; &#8212; Portal F1\" src=\"https:\/\/portalf1.si\/index.php\/2025\/08\/28\/razkrita-ena-od-tezav-zarad-katere-hamilton-ne-ujame-prave-forme-s-ferrarijem\/embed\/#?secret=wybiS51rPQ#?secret=6vGnna82gJ\" data-secret=\"6vGnna82gJ\" width=\"600\" height=\"338\" frameborder=\"0\" marginwidth=\"0\" marginheight=\"0\" scrolling=\"no\"><\/iframe><\/p>\n","protected":false},"excerpt":{"rendered":"<p>Lewis Hamilton je bil po VN Mad\u017earske mo\u010dno razo\u010daran. V Zandvoortu je Britanec razmi\u0161ljal o svojih te\u017eavah in poudaril, da to ni prvi\u010d, ko se v dirkalniku soo\u010da s tak\u0161nimi zapleti. Na Hungaroringu je pred poletnim premorom ostal brez to\u010dk in precej potrto razpolo\u017een. Hamilton je po kvalifikacijah za VN Mad\u017earske dejal, da je neuporaben [&hellip;]<\/p>\n","protected":false},"author":1,"featured_media":7673,"comment_status":"open","ping_status":"open","sticky":false,"template":"","format":"standard","meta":{"footnotes":""},"categories":[34,30,41,31],"tags":[44,50,159,46,45,51,158,42],"class_list":["post-7672","post","type-post","status-publish","format-standard","has-post-thumbnail","hentry","category-ferrari","category-formula-1","category-lewis-hamilton","category-novice","tag-f1","tag-f1-2025","tag-f1-slovenija","tag-ferrari","tag-formula-1","tag-formula-1-2025","tag-formula-1-slovenija","tag-lewis-hamilton"],"blocksy_meta":[],"yoast_head":"<!-- This site is optimized with the Yoast SEO plugin v27.4 - https:\/\/yoast.com\/product\/yoast-seo-wordpress\/ -->\n<title>Hamilton verjame v Ferrarijev potencial: Bre\u017e te\u017eav ni uspeha - Portal F1<\/title>\n<meta name=\"description\" content=\"Hamilton je pred za\u010detkom F1 dirka\u0161kega vikenda v Zandvoortu razmi\u0161ljal o svojih te\u017eavah in poudaril, da to ni prvi\u010d, ko soo\u010da z njimi.\" \/>\n<meta name=\"robots\" content=\"index, follow, max-snippet:-1, max-image-preview:large, max-video-preview:-1\" \/>\n<link rel=\"canonical\" href=\"https:\/\/portalf1.si\/index.php\/2025\/08\/29\/hamilton-verjame-v-ferrarijev-potencial-brez-tezav-ni-uspeha\/\" \/>\n<meta property=\"og:locale\" content=\"sl_SI\" \/>\n<meta property=\"og:type\" content=\"article\" \/>\n<meta property=\"og:title\" content=\"Hamilton verjame v Ferrarijev potencial: Bre\u017e te\u017eav ni uspeha - Portal F1\" \/>\n<meta property=\"og:description\" content=\"Hamilton je pred za\u010detkom F1 dirka\u0161kega vikenda v Zandvoortu razmi\u0161ljal o svojih te\u017eavah in poudaril, da to ni prvi\u010d, ko soo\u010da z njimi.\" \/>\n<meta property=\"og:url\" content=\"https:\/\/portalf1.si\/index.php\/2025\/08\/29\/hamilton-verjame-v-ferrarijev-potencial-brez-tezav-ni-uspeha\/\" \/>\n<meta property=\"og:site_name\" content=\"Portal F1\" \/>\n<meta property=\"article:publisher\" content=\"https:\/\/www.facebook.com\/portalf1.si\/?locale=sl_SI\" \/>\n<meta property=\"article:published_time\" content=\"2025-08-29T10:04:58+00:00\" \/>\n<meta property=\"og:image\" content=\"https:\/\/portalf1.si\/wp-content\/uploads\/2025\/08\/1eac2460-8430-11f0-948c-5bc66b89f4bb.webp\" \/>\n\t<meta property=\"og:image:width\" content=\"1024\" \/>\n\t<meta property=\"og:image:height\" content=\"576\" \/>\n\t<meta property=\"og:image:type\" content=\"image\/jpeg\" \/>\n<meta name=\"author\" content=\"Denis \u0160tojs\" \/>\n<meta name=\"twitter:card\" content=\"summary_large_image\" \/>\n<meta name=\"twitter:label1\" content=\"Written by\" \/>\n\t<meta name=\"twitter:data1\" content=\"Denis \u0160tojs\" \/>\n\t<meta name=\"twitter:label2\" content=\"Est. reading time\" \/>\n\t<meta name=\"twitter:data2\" content=\"2 minuti\" \/>\n<script type=\"application\/ld+json\" class=\"yoast-schema-graph\">{\"@context\":\"https:\\\/\\\/schema.org\",\"@graph\":[{\"@type\":\"Article\",\"@id\":\"https:\\\/\\\/portalf1.si\\\/index.php\\\/2025\\\/08\\\/29\\\/hamilton-verjame-v-ferrarijev-potencial-brez-tezav-ni-uspeha\\\/#article\",\"isPartOf\":{\"@id\":\"https:\\\/\\\/portalf1.si\\\/index.php\\\/2025\\\/08\\\/29\\\/hamilton-verjame-v-ferrarijev-potencial-brez-tezav-ni-uspeha\\\/\"},\"author\":{\"name\":\"Denis \u0160tojs\",\"@id\":\"https:\\\/\\\/portalf1.si\\\/#\\\/schema\\\/person\\\/abfef3ba57233710daadfbdd742fecd5\"},\"headline\":\"Hamilton verjame v Ferrarijev potencial: Bre\u017e te\u017eav ni uspeha\",\"datePublished\":\"2025-08-29T10:04:58+00:00\",\"mainEntityOfPage\":{\"@id\":\"https:\\\/\\\/portalf1.si\\\/index.php\\\/2025\\\/08\\\/29\\\/hamilton-verjame-v-ferrarijev-potencial-brez-tezav-ni-uspeha\\\/\"},\"wordCount\":221,\"commentCount\":0,\"publisher\":{\"@id\":\"https:\\\/\\\/portalf1.si\\\/#organization\"},\"image\":{\"@id\":\"https:\\\/\\\/portalf1.si\\\/index.php\\\/2025\\\/08\\\/29\\\/hamilton-verjame-v-ferrarijev-potencial-brez-tezav-ni-uspeha\\\/#primaryimage\"},\"thumbnailUrl\":\"https:\\\/\\\/portalf1.si\\\/wp-content\\\/uploads\\\/2025\\\/08\\\/1eac2460-8430-11f0-948c-5bc66b89f4bb.webp\",\"keywords\":[\"F1\",\"F1 2025\",\"F1 Slovenija\",\"Ferrari\",\"Formula 1\",\"Formula 1 2025\",\"Formula 1 Slovenija\",\"Lewis Hamilton\"],\"articleSection\":[\"Ferrari\",\"Formula 1\",\"Lewis Hamilton\",\"Novice\"],\"inLanguage\":\"sl-SI\",\"potentialAction\":[{\"@type\":\"CommentAction\",\"name\":\"Comment\",\"target\":[\"https:\\\/\\\/portalf1.si\\\/index.php\\\/2025\\\/08\\\/29\\\/hamilton-verjame-v-ferrarijev-potencial-brez-tezav-ni-uspeha\\\/#respond\"]}]},{\"@type\":\"WebPage\",\"@id\":\"https:\\\/\\\/portalf1.si\\\/index.php\\\/2025\\\/08\\\/29\\\/hamilton-verjame-v-ferrarijev-potencial-brez-tezav-ni-uspeha\\\/\",\"url\":\"https:\\\/\\\/portalf1.si\\\/index.php\\\/2025\\\/08\\\/29\\\/hamilton-verjame-v-ferrarijev-potencial-brez-tezav-ni-uspeha\\\/\",\"name\":\"Hamilton verjame v Ferrarijev potencial: Bre\u017e te\u017eav ni uspeha - Portal F1\",\"isPartOf\":{\"@id\":\"https:\\\/\\\/portalf1.si\\\/#website\"},\"primaryImageOfPage\":{\"@id\":\"https:\\\/\\\/portalf1.si\\\/index.php\\\/2025\\\/08\\\/29\\\/hamilton-verjame-v-ferrarijev-potencial-brez-tezav-ni-uspeha\\\/#primaryimage\"},\"image\":{\"@id\":\"https:\\\/\\\/portalf1.si\\\/index.php\\\/2025\\\/08\\\/29\\\/hamilton-verjame-v-ferrarijev-potencial-brez-tezav-ni-uspeha\\\/#primaryimage\"},\"thumbnailUrl\":\"https:\\\/\\\/portalf1.si\\\/wp-content\\\/uploads\\\/2025\\\/08\\\/1eac2460-8430-11f0-948c-5bc66b89f4bb.webp\",\"datePublished\":\"2025-08-29T10:04:58+00:00\",\"description\":\"Hamilton je pred za\u010detkom F1 dirka\u0161kega vikenda v Zandvoortu razmi\u0161ljal o svojih te\u017eavah in poudaril, da to ni prvi\u010d, ko soo\u010da z njimi.\",\"breadcrumb\":{\"@id\":\"https:\\\/\\\/portalf1.si\\\/index.php\\\/2025\\\/08\\\/29\\\/hamilton-verjame-v-ferrarijev-potencial-brez-tezav-ni-uspeha\\\/#breadcrumb\"},\"inLanguage\":\"sl-SI\",\"potentialAction\":[{\"@type\":\"ReadAction\",\"target\":[\"https:\\\/\\\/portalf1.si\\\/index.php\\\/2025\\\/08\\\/29\\\/hamilton-verjame-v-ferrarijev-potencial-brez-tezav-ni-uspeha\\\/\"]}]},{\"@type\":\"ImageObject\",\"inLanguage\":\"sl-SI\",\"@id\":\"https:\\\/\\\/portalf1.si\\\/index.php\\\/2025\\\/08\\\/29\\\/hamilton-verjame-v-ferrarijev-potencial-brez-tezav-ni-uspeha\\\/#primaryimage\",\"url\":\"https:\\\/\\\/portalf1.si\\\/wp-content\\\/uploads\\\/2025\\\/08\\\/1eac2460-8430-11f0-948c-5bc66b89f4bb.webp\",\"contentUrl\":\"https:\\\/\\\/portalf1.si\\\/wp-content\\\/uploads\\\/2025\\\/08\\\/1eac2460-8430-11f0-948c-5bc66b89f4bb.webp\",\"width\":1024,\"height\":576},{\"@type\":\"BreadcrumbList\",\"@id\":\"https:\\\/\\\/portalf1.si\\\/index.php\\\/2025\\\/08\\\/29\\\/hamilton-verjame-v-ferrarijev-potencial-brez-tezav-ni-uspeha\\\/#breadcrumb\",\"itemListElement\":[{\"@type\":\"ListItem\",\"position\":1,\"name\":\"Home\",\"item\":\"https:\\\/\\\/portalf1.si\\\/\"},{\"@type\":\"ListItem\",\"position\":2,\"name\":\"Hamilton verjame v Ferrarijev potencial: Bre\u017e te\u017eav ni uspeha\"}]},{\"@type\":\"WebSite\",\"@id\":\"https:\\\/\\\/portalf1.si\\\/#website\",\"url\":\"https:\\\/\\\/portalf1.si\\\/\",\"name\":\"Portal F1\",\"description\":\"Vstopite v svet hitrosti in adrenalina\",\"publisher\":{\"@id\":\"https:\\\/\\\/portalf1.si\\\/#organization\"},\"potentialAction\":[{\"@type\":\"SearchAction\",\"target\":{\"@type\":\"EntryPoint\",\"urlTemplate\":\"https:\\\/\\\/portalf1.si\\\/?s={search_term_string}\"},\"query-input\":{\"@type\":\"PropertyValueSpecification\",\"valueRequired\":true,\"valueName\":\"search_term_string\"}}],\"inLanguage\":\"sl-SI\"},{\"@type\":\"Organization\",\"@id\":\"https:\\\/\\\/portalf1.si\\\/#organization\",\"name\":\"Portal F1\",\"url\":\"https:\\\/\\\/portalf1.si\\\/\",\"logo\":{\"@type\":\"ImageObject\",\"inLanguage\":\"sl-SI\",\"@id\":\"https:\\\/\\\/portalf1.si\\\/#\\\/schema\\\/logo\\\/image\\\/\",\"url\":\"https:\\\/\\\/portalf1.si\\\/wp-content\\\/uploads\\\/2025\\\/02\\\/cropped-HiPaint_1738532868530.png\",\"contentUrl\":\"https:\\\/\\\/portalf1.si\\\/wp-content\\\/uploads\\\/2025\\\/02\\\/cropped-HiPaint_1738532868530.png\",\"width\":512,\"height\":512,\"caption\":\"Portal F1\"},\"image\":{\"@id\":\"https:\\\/\\\/portalf1.si\\\/#\\\/schema\\\/logo\\\/image\\\/\"},\"sameAs\":[\"https:\\\/\\\/www.facebook.com\\\/portalf1.si\\\/?locale=sl_SI\"]},{\"@type\":\"Person\",\"@id\":\"https:\\\/\\\/portalf1.si\\\/#\\\/schema\\\/person\\\/abfef3ba57233710daadfbdd742fecd5\",\"name\":\"Denis \u0160tojs\",\"image\":{\"@type\":\"ImageObject\",\"inLanguage\":\"sl-SI\",\"@id\":\"https:\\\/\\\/secure.gravatar.com\\\/avatar\\\/b006ce11dfb9c6e47e9de9803eefbdc14aa4afb445f3cca05acc735c22115b38?s=96&d=mm&r=g\",\"url\":\"https:\\\/\\\/secure.gravatar.com\\\/avatar\\\/b006ce11dfb9c6e47e9de9803eefbdc14aa4afb445f3cca05acc735c22115b38?s=96&d=mm&r=g\",\"contentUrl\":\"https:\\\/\\\/secure.gravatar.com\\\/avatar\\\/b006ce11dfb9c6e47e9de9803eefbdc14aa4afb445f3cca05acc735c22115b38?s=96&d=mm&r=g\",\"caption\":\"Denis \u0160tojs\"},\"sameAs\":[\"https:\\\/\\\/portalf1.si\"],\"url\":\"https:\\\/\\\/portalf1.si\\\/index.php\\\/author\\\/portalf1\\\/\"}]}<\/script>\n<!-- \/ Yoast SEO plugin. -->","yoast_head_json":{"title":"Hamilton verjame v Ferrarijev potencial: Bre\u017e te\u017eav ni uspeha - Portal F1","description":"Hamilton je pred za\u010detkom F1 dirka\u0161kega vikenda v Zandvoortu razmi\u0161ljal o svojih te\u017eavah in poudaril, da to ni prvi\u010d, ko soo\u010da z njimi.","robots":{"index":"index","follow":"follow","max-snippet":"max-snippet:-1","max-image-preview":"max-image-preview:large","max-video-preview":"max-video-preview:-1"},"canonical":"https:\/\/portalf1.si\/index.php\/2025\/08\/29\/hamilton-verjame-v-ferrarijev-potencial-brez-tezav-ni-uspeha\/","og_locale":"sl_SI","og_type":"article","og_title":"Hamilton verjame v Ferrarijev potencial: Bre\u017e te\u017eav ni uspeha - Portal F1","og_description":"Hamilton je pred za\u010detkom F1 dirka\u0161kega vikenda v Zandvoortu razmi\u0161ljal o svojih te\u017eavah in poudaril, da to ni prvi\u010d, ko soo\u010da z njimi.","og_url":"https:\/\/portalf1.si\/index.php\/2025\/08\/29\/hamilton-verjame-v-ferrarijev-potencial-brez-tezav-ni-uspeha\/","og_site_name":"Portal F1","article_publisher":"https:\/\/www.facebook.com\/portalf1.si\/?locale=sl_SI","article_published_time":"2025-08-29T10:04:58+00:00","og_image":[{"width":1024,"height":576,"url":"https:\/\/portalf1.si\/wp-content\/uploads\/2025\/08\/1eac2460-8430-11f0-948c-5bc66b89f4bb.webp","type":"image\/jpeg"}],"author":"Denis \u0160tojs","twitter_card":"summary_large_image","twitter_misc":{"Written by":"Denis \u0160tojs","Est. reading time":"2 minuti"},"schema":{"@context":"https:\/\/schema.org","@graph":[{"@type":"Article","@id":"https:\/\/portalf1.si\/index.php\/2025\/08\/29\/hamilton-verjame-v-ferrarijev-potencial-brez-tezav-ni-uspeha\/#article","isPartOf":{"@id":"https:\/\/portalf1.si\/index.php\/2025\/08\/29\/hamilton-verjame-v-ferrarijev-potencial-brez-tezav-ni-uspeha\/"},"author":{"name":"Denis \u0160tojs","@id":"https:\/\/portalf1.si\/#\/schema\/person\/abfef3ba57233710daadfbdd742fecd5"},"headline":"Hamilton verjame v Ferrarijev potencial: Bre\u017e te\u017eav ni uspeha","datePublished":"2025-08-29T10:04:58+00:00","mainEntityOfPage":{"@id":"https:\/\/portalf1.si\/index.php\/2025\/08\/29\/hamilton-verjame-v-ferrarijev-potencial-brez-tezav-ni-uspeha\/"},"wordCount":221,"commentCount":0,"publisher":{"@id":"https:\/\/portalf1.si\/#organization"},"image":{"@id":"https:\/\/portalf1.si\/index.php\/2025\/08\/29\/hamilton-verjame-v-ferrarijev-potencial-brez-tezav-ni-uspeha\/#primaryimage"},"thumbnailUrl":"https:\/\/portalf1.si\/wp-content\/uploads\/2025\/08\/1eac2460-8430-11f0-948c-5bc66b89f4bb.webp","keywords":["F1","F1 2025","F1 Slovenija","Ferrari","Formula 1","Formula 1 2025","Formula 1 Slovenija","Lewis Hamilton"],"articleSection":["Ferrari","Formula 1","Lewis Hamilton","Novice"],"inLanguage":"sl-SI","potentialAction":[{"@type":"CommentAction","name":"Comment","target":["https:\/\/portalf1.si\/index.php\/2025\/08\/29\/hamilton-verjame-v-ferrarijev-potencial-brez-tezav-ni-uspeha\/#respond"]}]},{"@type":"WebPage","@id":"https:\/\/portalf1.si\/index.php\/2025\/08\/29\/hamilton-verjame-v-ferrarijev-potencial-brez-tezav-ni-uspeha\/","url":"https:\/\/portalf1.si\/index.php\/2025\/08\/29\/hamilton-verjame-v-ferrarijev-potencial-brez-tezav-ni-uspeha\/","name":"Hamilton verjame v Ferrarijev potencial: Bre\u017e te\u017eav ni uspeha - Portal F1","isPartOf":{"@id":"https:\/\/portalf1.si\/#website"},"primaryImageOfPage":{"@id":"https:\/\/portalf1.si\/index.php\/2025\/08\/29\/hamilton-verjame-v-ferrarijev-potencial-brez-tezav-ni-uspeha\/#primaryimage"},"image":{"@id":"https:\/\/portalf1.si\/index.php\/2025\/08\/29\/hamilton-verjame-v-ferrarijev-potencial-brez-tezav-ni-uspeha\/#primaryimage"},"thumbnailUrl":"https:\/\/portalf1.si\/wp-content\/uploads\/2025\/08\/1eac2460-8430-11f0-948c-5bc66b89f4bb.webp","datePublished":"2025-08-29T10:04:58+00:00","description":"Hamilton je pred za\u010detkom F1 dirka\u0161kega vikenda v Zandvoortu razmi\u0161ljal o svojih te\u017eavah in poudaril, da to ni prvi\u010d, ko soo\u010da z njimi.","breadcrumb":{"@id":"https:\/\/portalf1.si\/index.php\/2025\/08\/29\/hamilton-verjame-v-ferrarijev-potencial-brez-tezav-ni-uspeha\/#breadcrumb"},"inLanguage":"sl-SI","potentialAction":[{"@type":"ReadAction","target":["https:\/\/portalf1.si\/index.php\/2025\/08\/29\/hamilton-verjame-v-ferrarijev-potencial-brez-tezav-ni-uspeha\/"]}]},{"@type":"ImageObject","inLanguage":"sl-SI","@id":"https:\/\/portalf1.si\/index.php\/2025\/08\/29\/hamilton-verjame-v-ferrarijev-potencial-brez-tezav-ni-uspeha\/#primaryimage","url":"https:\/\/portalf1.si\/wp-content\/uploads\/2025\/08\/1eac2460-8430-11f0-948c-5bc66b89f4bb.webp","contentUrl":"https:\/\/portalf1.si\/wp-content\/uploads\/2025\/08\/1eac2460-8430-11f0-948c-5bc66b89f4bb.webp","width":1024,"height":576},{"@type":"BreadcrumbList","@id":"https:\/\/portalf1.si\/index.php\/2025\/08\/29\/hamilton-verjame-v-ferrarijev-potencial-brez-tezav-ni-uspeha\/#breadcrumb","itemListElement":[{"@type":"ListItem","position":1,"name":"Home","item":"https:\/\/portalf1.si\/"},{"@type":"ListItem","position":2,"name":"Hamilton verjame v Ferrarijev potencial: Bre\u017e te\u017eav ni uspeha"}]},{"@type":"WebSite","@id":"https:\/\/portalf1.si\/#website","url":"https:\/\/portalf1.si\/","name":"Portal F1","description":"Vstopite v svet hitrosti in adrenalina","publisher":{"@id":"https:\/\/portalf1.si\/#organization"},"potentialAction":[{"@type":"SearchAction","target":{"@type":"EntryPoint","urlTemplate":"https:\/\/portalf1.si\/?s={search_term_string}"},"query-input":{"@type":"PropertyValueSpecification","valueRequired":true,"valueName":"search_term_string"}}],"inLanguage":"sl-SI"},{"@type":"Organization","@id":"https:\/\/portalf1.si\/#organization","name":"Portal F1","url":"https:\/\/portalf1.si\/","logo":{"@type":"ImageObject","inLanguage":"sl-SI","@id":"https:\/\/portalf1.si\/#\/schema\/logo\/image\/","url":"https:\/\/portalf1.si\/wp-content\/uploads\/2025\/02\/cropped-HiPaint_1738532868530.png","contentUrl":"https:\/\/portalf1.si\/wp-content\/uploads\/2025\/02\/cropped-HiPaint_1738532868530.png","width":512,"height":512,"caption":"Portal F1"},"image":{"@id":"https:\/\/portalf1.si\/#\/schema\/logo\/image\/"},"sameAs":["https:\/\/www.facebook.com\/portalf1.si\/?locale=sl_SI"]},{"@type":"Person","@id":"https:\/\/portalf1.si\/#\/schema\/person\/abfef3ba57233710daadfbdd742fecd5","name":"Denis \u0160tojs","image":{"@type":"ImageObject","inLanguage":"sl-SI","@id":"https:\/\/secure.gravatar.com\/avatar\/b006ce11dfb9c6e47e9de9803eefbdc14aa4afb445f3cca05acc735c22115b38?s=96&d=mm&r=g","url":"https:\/\/secure.gravatar.com\/avatar\/b006ce11dfb9c6e47e9de9803eefbdc14aa4afb445f3cca05acc735c22115b38?s=96&d=mm&r=g","contentUrl":"https:\/\/secure.gravatar.com\/avatar\/b006ce11dfb9c6e47e9de9803eefbdc14aa4afb445f3cca05acc735c22115b38?s=96&d=mm&r=g","caption":"Denis \u0160tojs"},"sameAs":["https:\/\/portalf1.si"],"url":"https:\/\/portalf1.si\/index.php\/author\/portalf1\/"}]}},"_links":{"self":[{"href":"https:\/\/portalf1.si\/index.php\/wp-json\/wp\/v2\/posts\/7672","targetHints":{"allow":["GET"]}}],"collection":[{"href":"https:\/\/portalf1.si\/index.php\/wp-json\/wp\/v2\/posts"}],"about":[{"href":"https:\/\/portalf1.si\/index.php\/wp-json\/wp\/v2\/types\/post"}],"author":[{"embeddable":true,"href":"https:\/\/portalf1.si\/index.php\/wp-json\/wp\/v2\/users\/1"}],"replies":[{"embeddable":true,"href":"https:\/\/portalf1.si\/index.php\/wp-json\/wp\/v2\/comments?post=7672"}],"version-history":[{"count":2,"href":"https:\/\/portalf1.si\/index.php\/wp-json\/wp\/v2\/posts\/7672\/revisions"}],"predecessor-version":[{"id":7675,"href":"https:\/\/portalf1.si\/index.php\/wp-json\/wp\/v2\/posts\/7672\/revisions\/7675"}],"wp:featuredmedia":[{"embeddable":true,"href":"https:\/\/portalf1.si\/index.php\/wp-json\/wp\/v2\/media\/7673"}],"wp:attachment":[{"href":"https:\/\/portalf1.si\/index.php\/wp-json\/wp\/v2\/media?parent=7672"}],"wp:term":[{"taxonomy":"category","embeddable":true,"href":"https:\/\/portalf1.si\/index.php\/wp-json\/wp\/v2\/categories?post=7672"},{"taxonomy":"post_tag","embeddable":true,"href":"https:\/\/portalf1.si\/index.php\/wp-json\/wp\/v2\/tags?post=7672"}],"curies":[{"name":"wp","href":"https:\/\/api.w.org\/{rel}","templated":true}]}}