{"id":7816,"date":"2025-09-03T07:06:14","date_gmt":"2025-09-03T07:06:14","guid":{"rendered":"https:\/\/portalf1.si\/?p=7816"},"modified":"2025-09-03T07:06:14","modified_gmt":"2025-09-03T07:06:14","slug":"presenetljivo-verstappen-je-razkril-svoje-nacrte-za-prihodnost","status":"publish","type":"post","link":"https:\/\/portalf1.si\/index.php\/2025\/09\/03\/presenetljivo-verstappen-je-razkril-svoje-nacrte-za-prihodnost\/","title":{"rendered":"Presenetljivo? Verstappen je razkril svoje na\u010drte za prihodnost"},"content":{"rendered":"<p><strong>Aktualni svetovni prvak Max Verstappen pravi, da je na svojo kariero v Formuli 1 \u017ee zdaj ponosen, tudi \u010de v prihodnosti ne bi ve\u010d osvojil naslova. Nizozemec je dodal, da ga tak\u0161ne misli trenutno ne obremenjujejo.<\/strong><\/p>\n<p>Verstappen je v desetih letih dirkanja v kraljici moto\u0161porta nabral izjemen niz uspehov: \u0161tirje zaporedni naslovi svetovnega prvaka, 65 zmag, 118 uvrstitev na stopni\u010dke in 44 najbolj\u0161ih startnih polo\u017eajev. Statistika ga \u017ee zdaj uvr\u0161\u010da med najuspe\u0161nej\u0161e dirka\u010de vseh \u010dasov.<\/p>\n<p>Veliko vpra\u0161anje pa je, kako dolgo bo \u0161e ostal v Formuli 1. Nizozemec ni nikoli skrival zanimanja za druge kategorije in redno trenira na simulatorju s svojo ekipo Redline. Nedavno je pod psevdonimom Franz Hermann testiral dirkalnik serije GT3 na Spa-Francorchampsu in Nordschleifeju.<\/p>\n<p><em>&#8220;Verjetno ne bom dirkal do 44. leta,&#8221;<\/em> je v pogovoru za ESPN dejal Verstappen, pri \u010demer je jasno namignil na Fernanda Alonsa, najstarej\u0161ega aktivnega dirka\u010da v karavani.<\/p>\n<p><em>&#8220;To, kar sem dosegel, je ve\u010d, kot bi si lahko kdaj predstavljal. Zelo sem vesel in ponosen, pa \u010deprav se lahko zgodi, da ne bom ve\u010d osvojil naslova. Ampak to ni nekaj, o \u010demer bi zdaj razmi\u0161ljal,&#8221;<\/em> je nadaljeval Nizozemec.<\/p>\n<p>Pojasnil je \u0161e, da ima veliko na\u010drtov povezanih z dirkanjem, ki pa v prihodnosti ne bodo nujno zahtevali njegove stoodstotne prisotnosti. <em>&#8220;Za za\u010detek je pomembno, da vse dobro postavim na noge, a to so na\u010drti za kasneje.&#8221;<\/em><\/p>\n<blockquote class=\"wp-embedded-content\" data-secret=\"ups2LkGo2z\"><p><a href=\"https:\/\/portalf1.si\/index.php\/2025\/09\/02\/steiner-je-vesel-da-verstappen-nima-najboljsega-dirkalnika-dokazuje-da-zna-zmagovati-tudi-v-slabem-dirkalniku\/\">Steiner je vesel, da Verstappen nima najbolj\u0161ega dirkalnika: Dokazuje, da zna zmagovati tudi v slabem dirkalniku<\/a><\/p><\/blockquote>\n<p><iframe loading=\"lazy\" class=\"wp-embedded-content\" sandbox=\"allow-scripts\" security=\"restricted\" style=\"position: absolute; visibility: hidden;\" title=\"&#8220;Steiner je vesel, da Verstappen nima najbolj\u0161ega dirkalnika: Dokazuje, da zna zmagovati tudi v slabem dirkalniku&#8221; &#8212; Portal F1\" src=\"https:\/\/portalf1.si\/index.php\/2025\/09\/02\/steiner-je-vesel-da-verstappen-nima-najboljsega-dirkalnika-dokazuje-da-zna-zmagovati-tudi-v-slabem-dirkalniku\/embed\/#?secret=JgaUYnJWY1#?secret=ups2LkGo2z\" data-secret=\"ups2LkGo2z\" width=\"600\" height=\"338\" frameborder=\"0\" marginwidth=\"0\" marginheight=\"0\" scrolling=\"no\"><\/iframe><\/p>\n","protected":false},"excerpt":{"rendered":"<p>Aktualni svetovni prvak Max Verstappen pravi, da je na svojo kariero v Formuli 1 \u017ee zdaj ponosen, tudi \u010de v prihodnosti ne bi ve\u010d osvojil naslova. Nizozemec je dodal, da ga tak\u0161ne misli trenutno ne obremenjujejo. Verstappen je v desetih letih dirkanja v kraljici moto\u0161porta nabral izjemen niz uspehov: \u0161tirje zaporedni naslovi svetovnega prvaka, 65 [&hellip;]<\/p>\n","protected":false},"author":1,"featured_media":7818,"comment_status":"open","ping_status":"open","sticky":false,"template":"","format":"standard","meta":{"footnotes":""},"categories":[30,63,31,36],"tags":[44,50,159,45,51,158,47,64],"class_list":["post-7816","post","type-post","status-publish","format-standard","has-post-thumbnail","hentry","category-formula-1","category-max-verstappen","category-novice","category-red-bull","tag-f1","tag-f1-2025","tag-f1-slovenija","tag-formula-1","tag-formula-1-2025","tag-formula-1-slovenija","tag-max-verstappen","tag-red-bull"],"blocksy_meta":[],"yoast_head":"<!-- This site is optimized with the Yoast SEO plugin v27.4 - https:\/\/yoast.com\/product\/yoast-seo-wordpress\/ -->\n<title>Presenetljivo? Verstappen je razkril svoje na\u010drte za prihodnost - Portal F1<\/title>\n<meta name=\"description\" content=\"Max Verstappen pravi, da je na svojo kariero v Formuli 1 \u017ee zdaj ponosen, tudi \u010de v prihodnosti ne bi ve\u010d osvojil naslova.\" \/>\n<meta name=\"robots\" content=\"index, follow, max-snippet:-1, max-image-preview:large, max-video-preview:-1\" \/>\n<link rel=\"canonical\" href=\"https:\/\/portalf1.si\/index.php\/2025\/09\/03\/presenetljivo-verstappen-je-razkril-svoje-nacrte-za-prihodnost\/\" \/>\n<meta property=\"og:locale\" content=\"sl_SI\" \/>\n<meta property=\"og:type\" content=\"article\" \/>\n<meta property=\"og:title\" content=\"Presenetljivo? Verstappen je razkril svoje na\u010drte za prihodnost - Portal F1\" \/>\n<meta property=\"og:description\" content=\"Max Verstappen pravi, da je na svojo kariero v Formuli 1 \u017ee zdaj ponosen, tudi \u010de v prihodnosti ne bi ve\u010d osvojil naslova.\" \/>\n<meta property=\"og:url\" content=\"https:\/\/portalf1.si\/index.php\/2025\/09\/03\/presenetljivo-verstappen-je-razkril-svoje-nacrte-za-prihodnost\/\" \/>\n<meta property=\"og:site_name\" content=\"Portal F1\" \/>\n<meta property=\"article:publisher\" content=\"https:\/\/www.facebook.com\/portalf1.si\/?locale=sl_SI\" \/>\n<meta property=\"article:published_time\" content=\"2025-09-03T07:06:14+00:00\" \/>\n<meta property=\"og:image\" content=\"https:\/\/portalf1.si\/wp-content\/uploads\/2025\/09\/max-verstappen-red-bull-racing-2.webp\" \/>\n\t<meta property=\"og:image:width\" content=\"1000\" \/>\n\t<meta property=\"og:image:height\" content=\"668\" \/>\n\t<meta property=\"og:image:type\" content=\"image\/jpeg\" \/>\n<meta name=\"author\" content=\"Denis \u0160tojs\" \/>\n<meta name=\"twitter:card\" content=\"summary_large_image\" \/>\n<meta name=\"twitter:label1\" content=\"Written by\" \/>\n\t<meta name=\"twitter:data1\" content=\"Denis \u0160tojs\" \/>\n\t<meta name=\"twitter:label2\" content=\"Est. reading time\" \/>\n\t<meta name=\"twitter:data2\" content=\"2 minuti\" \/>\n<script type=\"application\/ld+json\" class=\"yoast-schema-graph\">{\"@context\":\"https:\\\/\\\/schema.org\",\"@graph\":[{\"@type\":\"Article\",\"@id\":\"https:\\\/\\\/portalf1.si\\\/index.php\\\/2025\\\/09\\\/03\\\/presenetljivo-verstappen-je-razkril-svoje-nacrte-za-prihodnost\\\/#article\",\"isPartOf\":{\"@id\":\"https:\\\/\\\/portalf1.si\\\/index.php\\\/2025\\\/09\\\/03\\\/presenetljivo-verstappen-je-razkril-svoje-nacrte-za-prihodnost\\\/\"},\"author\":{\"name\":\"Denis \u0160tojs\",\"@id\":\"https:\\\/\\\/portalf1.si\\\/#\\\/schema\\\/person\\\/abfef3ba57233710daadfbdd742fecd5\"},\"headline\":\"Presenetljivo? Verstappen je razkril svoje na\u010drte za prihodnost\",\"datePublished\":\"2025-09-03T07:06:14+00:00\",\"mainEntityOfPage\":{\"@id\":\"https:\\\/\\\/portalf1.si\\\/index.php\\\/2025\\\/09\\\/03\\\/presenetljivo-verstappen-je-razkril-svoje-nacrte-za-prihodnost\\\/\"},\"wordCount\":247,\"commentCount\":0,\"publisher\":{\"@id\":\"https:\\\/\\\/portalf1.si\\\/#organization\"},\"image\":{\"@id\":\"https:\\\/\\\/portalf1.si\\\/index.php\\\/2025\\\/09\\\/03\\\/presenetljivo-verstappen-je-razkril-svoje-nacrte-za-prihodnost\\\/#primaryimage\"},\"thumbnailUrl\":\"https:\\\/\\\/portalf1.si\\\/wp-content\\\/uploads\\\/2025\\\/09\\\/max-verstappen-red-bull-racing-2.webp\",\"keywords\":[\"F1\",\"F1 2025\",\"F1 Slovenija\",\"Formula 1\",\"Formula 1 2025\",\"Formula 1 Slovenija\",\"Max Verstappen\",\"Red Bull\"],\"articleSection\":[\"Formula 1\",\"Max Verstappen\",\"Novice\",\"Red Bull\"],\"inLanguage\":\"sl-SI\",\"potentialAction\":[{\"@type\":\"CommentAction\",\"name\":\"Comment\",\"target\":[\"https:\\\/\\\/portalf1.si\\\/index.php\\\/2025\\\/09\\\/03\\\/presenetljivo-verstappen-je-razkril-svoje-nacrte-za-prihodnost\\\/#respond\"]}]},{\"@type\":\"WebPage\",\"@id\":\"https:\\\/\\\/portalf1.si\\\/index.php\\\/2025\\\/09\\\/03\\\/presenetljivo-verstappen-je-razkril-svoje-nacrte-za-prihodnost\\\/\",\"url\":\"https:\\\/\\\/portalf1.si\\\/index.php\\\/2025\\\/09\\\/03\\\/presenetljivo-verstappen-je-razkril-svoje-nacrte-za-prihodnost\\\/\",\"name\":\"Presenetljivo? Verstappen je razkril svoje na\u010drte za prihodnost - Portal F1\",\"isPartOf\":{\"@id\":\"https:\\\/\\\/portalf1.si\\\/#website\"},\"primaryImageOfPage\":{\"@id\":\"https:\\\/\\\/portalf1.si\\\/index.php\\\/2025\\\/09\\\/03\\\/presenetljivo-verstappen-je-razkril-svoje-nacrte-za-prihodnost\\\/#primaryimage\"},\"image\":{\"@id\":\"https:\\\/\\\/portalf1.si\\\/index.php\\\/2025\\\/09\\\/03\\\/presenetljivo-verstappen-je-razkril-svoje-nacrte-za-prihodnost\\\/#primaryimage\"},\"thumbnailUrl\":\"https:\\\/\\\/portalf1.si\\\/wp-content\\\/uploads\\\/2025\\\/09\\\/max-verstappen-red-bull-racing-2.webp\",\"datePublished\":\"2025-09-03T07:06:14+00:00\",\"description\":\"Max Verstappen pravi, da je na svojo kariero v Formuli 1 \u017ee zdaj ponosen, tudi \u010de v prihodnosti ne bi ve\u010d osvojil naslova.\",\"breadcrumb\":{\"@id\":\"https:\\\/\\\/portalf1.si\\\/index.php\\\/2025\\\/09\\\/03\\\/presenetljivo-verstappen-je-razkril-svoje-nacrte-za-prihodnost\\\/#breadcrumb\"},\"inLanguage\":\"sl-SI\",\"potentialAction\":[{\"@type\":\"ReadAction\",\"target\":[\"https:\\\/\\\/portalf1.si\\\/index.php\\\/2025\\\/09\\\/03\\\/presenetljivo-verstappen-je-razkril-svoje-nacrte-za-prihodnost\\\/\"]}]},{\"@type\":\"ImageObject\",\"inLanguage\":\"sl-SI\",\"@id\":\"https:\\\/\\\/portalf1.si\\\/index.php\\\/2025\\\/09\\\/03\\\/presenetljivo-verstappen-je-razkril-svoje-nacrte-za-prihodnost\\\/#primaryimage\",\"url\":\"https:\\\/\\\/portalf1.si\\\/wp-content\\\/uploads\\\/2025\\\/09\\\/max-verstappen-red-bull-racing-2.webp\",\"contentUrl\":\"https:\\\/\\\/portalf1.si\\\/wp-content\\\/uploads\\\/2025\\\/09\\\/max-verstappen-red-bull-racing-2.webp\",\"width\":1000,\"height\":668},{\"@type\":\"BreadcrumbList\",\"@id\":\"https:\\\/\\\/portalf1.si\\\/index.php\\\/2025\\\/09\\\/03\\\/presenetljivo-verstappen-je-razkril-svoje-nacrte-za-prihodnost\\\/#breadcrumb\",\"itemListElement\":[{\"@type\":\"ListItem\",\"position\":1,\"name\":\"Home\",\"item\":\"https:\\\/\\\/portalf1.si\\\/\"},{\"@type\":\"ListItem\",\"position\":2,\"name\":\"Presenetljivo? Verstappen je razkril svoje na\u010drte za prihodnost\"}]},{\"@type\":\"WebSite\",\"@id\":\"https:\\\/\\\/portalf1.si\\\/#website\",\"url\":\"https:\\\/\\\/portalf1.si\\\/\",\"name\":\"Portal F1\",\"description\":\"Vstopite v svet hitrosti in adrenalina\",\"publisher\":{\"@id\":\"https:\\\/\\\/portalf1.si\\\/#organization\"},\"potentialAction\":[{\"@type\":\"SearchAction\",\"target\":{\"@type\":\"EntryPoint\",\"urlTemplate\":\"https:\\\/\\\/portalf1.si\\\/?s={search_term_string}\"},\"query-input\":{\"@type\":\"PropertyValueSpecification\",\"valueRequired\":true,\"valueName\":\"search_term_string\"}}],\"inLanguage\":\"sl-SI\"},{\"@type\":\"Organization\",\"@id\":\"https:\\\/\\\/portalf1.si\\\/#organization\",\"name\":\"Portal F1\",\"url\":\"https:\\\/\\\/portalf1.si\\\/\",\"logo\":{\"@type\":\"ImageObject\",\"inLanguage\":\"sl-SI\",\"@id\":\"https:\\\/\\\/portalf1.si\\\/#\\\/schema\\\/logo\\\/image\\\/\",\"url\":\"https:\\\/\\\/portalf1.si\\\/wp-content\\\/uploads\\\/2025\\\/02\\\/cropped-HiPaint_1738532868530.png\",\"contentUrl\":\"https:\\\/\\\/portalf1.si\\\/wp-content\\\/uploads\\\/2025\\\/02\\\/cropped-HiPaint_1738532868530.png\",\"width\":512,\"height\":512,\"caption\":\"Portal F1\"},\"image\":{\"@id\":\"https:\\\/\\\/portalf1.si\\\/#\\\/schema\\\/logo\\\/image\\\/\"},\"sameAs\":[\"https:\\\/\\\/www.facebook.com\\\/portalf1.si\\\/?locale=sl_SI\"]},{\"@type\":\"Person\",\"@id\":\"https:\\\/\\\/portalf1.si\\\/#\\\/schema\\\/person\\\/abfef3ba57233710daadfbdd742fecd5\",\"name\":\"Denis \u0160tojs\",\"image\":{\"@type\":\"ImageObject\",\"inLanguage\":\"sl-SI\",\"@id\":\"https:\\\/\\\/secure.gravatar.com\\\/avatar\\\/b006ce11dfb9c6e47e9de9803eefbdc14aa4afb445f3cca05acc735c22115b38?s=96&d=mm&r=g\",\"url\":\"https:\\\/\\\/secure.gravatar.com\\\/avatar\\\/b006ce11dfb9c6e47e9de9803eefbdc14aa4afb445f3cca05acc735c22115b38?s=96&d=mm&r=g\",\"contentUrl\":\"https:\\\/\\\/secure.gravatar.com\\\/avatar\\\/b006ce11dfb9c6e47e9de9803eefbdc14aa4afb445f3cca05acc735c22115b38?s=96&d=mm&r=g\",\"caption\":\"Denis \u0160tojs\"},\"sameAs\":[\"https:\\\/\\\/portalf1.si\"],\"url\":\"https:\\\/\\\/portalf1.si\\\/index.php\\\/author\\\/portalf1\\\/\"}]}<\/script>\n<!-- \/ Yoast SEO plugin. -->","yoast_head_json":{"title":"Presenetljivo? Verstappen je razkril svoje na\u010drte za prihodnost - Portal F1","description":"Max Verstappen pravi, da je na svojo kariero v Formuli 1 \u017ee zdaj ponosen, tudi \u010de v prihodnosti ne bi ve\u010d osvojil naslova.","robots":{"index":"index","follow":"follow","max-snippet":"max-snippet:-1","max-image-preview":"max-image-preview:large","max-video-preview":"max-video-preview:-1"},"canonical":"https:\/\/portalf1.si\/index.php\/2025\/09\/03\/presenetljivo-verstappen-je-razkril-svoje-nacrte-za-prihodnost\/","og_locale":"sl_SI","og_type":"article","og_title":"Presenetljivo? Verstappen je razkril svoje na\u010drte za prihodnost - Portal F1","og_description":"Max Verstappen pravi, da je na svojo kariero v Formuli 1 \u017ee zdaj ponosen, tudi \u010de v prihodnosti ne bi ve\u010d osvojil naslova.","og_url":"https:\/\/portalf1.si\/index.php\/2025\/09\/03\/presenetljivo-verstappen-je-razkril-svoje-nacrte-za-prihodnost\/","og_site_name":"Portal F1","article_publisher":"https:\/\/www.facebook.com\/portalf1.si\/?locale=sl_SI","article_published_time":"2025-09-03T07:06:14+00:00","og_image":[{"width":1000,"height":668,"url":"https:\/\/portalf1.si\/wp-content\/uploads\/2025\/09\/max-verstappen-red-bull-racing-2.webp","type":"image\/jpeg"}],"author":"Denis \u0160tojs","twitter_card":"summary_large_image","twitter_misc":{"Written by":"Denis \u0160tojs","Est. reading time":"2 minuti"},"schema":{"@context":"https:\/\/schema.org","@graph":[{"@type":"Article","@id":"https:\/\/portalf1.si\/index.php\/2025\/09\/03\/presenetljivo-verstappen-je-razkril-svoje-nacrte-za-prihodnost\/#article","isPartOf":{"@id":"https:\/\/portalf1.si\/index.php\/2025\/09\/03\/presenetljivo-verstappen-je-razkril-svoje-nacrte-za-prihodnost\/"},"author":{"name":"Denis \u0160tojs","@id":"https:\/\/portalf1.si\/#\/schema\/person\/abfef3ba57233710daadfbdd742fecd5"},"headline":"Presenetljivo? Verstappen je razkril svoje na\u010drte za prihodnost","datePublished":"2025-09-03T07:06:14+00:00","mainEntityOfPage":{"@id":"https:\/\/portalf1.si\/index.php\/2025\/09\/03\/presenetljivo-verstappen-je-razkril-svoje-nacrte-za-prihodnost\/"},"wordCount":247,"commentCount":0,"publisher":{"@id":"https:\/\/portalf1.si\/#organization"},"image":{"@id":"https:\/\/portalf1.si\/index.php\/2025\/09\/03\/presenetljivo-verstappen-je-razkril-svoje-nacrte-za-prihodnost\/#primaryimage"},"thumbnailUrl":"https:\/\/portalf1.si\/wp-content\/uploads\/2025\/09\/max-verstappen-red-bull-racing-2.webp","keywords":["F1","F1 2025","F1 Slovenija","Formula 1","Formula 1 2025","Formula 1 Slovenija","Max Verstappen","Red Bull"],"articleSection":["Formula 1","Max Verstappen","Novice","Red Bull"],"inLanguage":"sl-SI","potentialAction":[{"@type":"CommentAction","name":"Comment","target":["https:\/\/portalf1.si\/index.php\/2025\/09\/03\/presenetljivo-verstappen-je-razkril-svoje-nacrte-za-prihodnost\/#respond"]}]},{"@type":"WebPage","@id":"https:\/\/portalf1.si\/index.php\/2025\/09\/03\/presenetljivo-verstappen-je-razkril-svoje-nacrte-za-prihodnost\/","url":"https:\/\/portalf1.si\/index.php\/2025\/09\/03\/presenetljivo-verstappen-je-razkril-svoje-nacrte-za-prihodnost\/","name":"Presenetljivo? Verstappen je razkril svoje na\u010drte za prihodnost - Portal F1","isPartOf":{"@id":"https:\/\/portalf1.si\/#website"},"primaryImageOfPage":{"@id":"https:\/\/portalf1.si\/index.php\/2025\/09\/03\/presenetljivo-verstappen-je-razkril-svoje-nacrte-za-prihodnost\/#primaryimage"},"image":{"@id":"https:\/\/portalf1.si\/index.php\/2025\/09\/03\/presenetljivo-verstappen-je-razkril-svoje-nacrte-za-prihodnost\/#primaryimage"},"thumbnailUrl":"https:\/\/portalf1.si\/wp-content\/uploads\/2025\/09\/max-verstappen-red-bull-racing-2.webp","datePublished":"2025-09-03T07:06:14+00:00","description":"Max Verstappen pravi, da je na svojo kariero v Formuli 1 \u017ee zdaj ponosen, tudi \u010de v prihodnosti ne bi ve\u010d osvojil naslova.","breadcrumb":{"@id":"https:\/\/portalf1.si\/index.php\/2025\/09\/03\/presenetljivo-verstappen-je-razkril-svoje-nacrte-za-prihodnost\/#breadcrumb"},"inLanguage":"sl-SI","potentialAction":[{"@type":"ReadAction","target":["https:\/\/portalf1.si\/index.php\/2025\/09\/03\/presenetljivo-verstappen-je-razkril-svoje-nacrte-za-prihodnost\/"]}]},{"@type":"ImageObject","inLanguage":"sl-SI","@id":"https:\/\/portalf1.si\/index.php\/2025\/09\/03\/presenetljivo-verstappen-je-razkril-svoje-nacrte-za-prihodnost\/#primaryimage","url":"https:\/\/portalf1.si\/wp-content\/uploads\/2025\/09\/max-verstappen-red-bull-racing-2.webp","contentUrl":"https:\/\/portalf1.si\/wp-content\/uploads\/2025\/09\/max-verstappen-red-bull-racing-2.webp","width":1000,"height":668},{"@type":"BreadcrumbList","@id":"https:\/\/portalf1.si\/index.php\/2025\/09\/03\/presenetljivo-verstappen-je-razkril-svoje-nacrte-za-prihodnost\/#breadcrumb","itemListElement":[{"@type":"ListItem","position":1,"name":"Home","item":"https:\/\/portalf1.si\/"},{"@type":"ListItem","position":2,"name":"Presenetljivo? Verstappen je razkril svoje na\u010drte za prihodnost"}]},{"@type":"WebSite","@id":"https:\/\/portalf1.si\/#website","url":"https:\/\/portalf1.si\/","name":"Portal F1","description":"Vstopite v svet hitrosti in adrenalina","publisher":{"@id":"https:\/\/portalf1.si\/#organization"},"potentialAction":[{"@type":"SearchAction","target":{"@type":"EntryPoint","urlTemplate":"https:\/\/portalf1.si\/?s={search_term_string}"},"query-input":{"@type":"PropertyValueSpecification","valueRequired":true,"valueName":"search_term_string"}}],"inLanguage":"sl-SI"},{"@type":"Organization","@id":"https:\/\/portalf1.si\/#organization","name":"Portal F1","url":"https:\/\/portalf1.si\/","logo":{"@type":"ImageObject","inLanguage":"sl-SI","@id":"https:\/\/portalf1.si\/#\/schema\/logo\/image\/","url":"https:\/\/portalf1.si\/wp-content\/uploads\/2025\/02\/cropped-HiPaint_1738532868530.png","contentUrl":"https:\/\/portalf1.si\/wp-content\/uploads\/2025\/02\/cropped-HiPaint_1738532868530.png","width":512,"height":512,"caption":"Portal F1"},"image":{"@id":"https:\/\/portalf1.si\/#\/schema\/logo\/image\/"},"sameAs":["https:\/\/www.facebook.com\/portalf1.si\/?locale=sl_SI"]},{"@type":"Person","@id":"https:\/\/portalf1.si\/#\/schema\/person\/abfef3ba57233710daadfbdd742fecd5","name":"Denis \u0160tojs","image":{"@type":"ImageObject","inLanguage":"sl-SI","@id":"https:\/\/secure.gravatar.com\/avatar\/b006ce11dfb9c6e47e9de9803eefbdc14aa4afb445f3cca05acc735c22115b38?s=96&d=mm&r=g","url":"https:\/\/secure.gravatar.com\/avatar\/b006ce11dfb9c6e47e9de9803eefbdc14aa4afb445f3cca05acc735c22115b38?s=96&d=mm&r=g","contentUrl":"https:\/\/secure.gravatar.com\/avatar\/b006ce11dfb9c6e47e9de9803eefbdc14aa4afb445f3cca05acc735c22115b38?s=96&d=mm&r=g","caption":"Denis \u0160tojs"},"sameAs":["https:\/\/portalf1.si"],"url":"https:\/\/portalf1.si\/index.php\/author\/portalf1\/"}]}},"_links":{"self":[{"href":"https:\/\/portalf1.si\/index.php\/wp-json\/wp\/v2\/posts\/7816","targetHints":{"allow":["GET"]}}],"collection":[{"href":"https:\/\/portalf1.si\/index.php\/wp-json\/wp\/v2\/posts"}],"about":[{"href":"https:\/\/portalf1.si\/index.php\/wp-json\/wp\/v2\/types\/post"}],"author":[{"embeddable":true,"href":"https:\/\/portalf1.si\/index.php\/wp-json\/wp\/v2\/users\/1"}],"replies":[{"embeddable":true,"href":"https:\/\/portalf1.si\/index.php\/wp-json\/wp\/v2\/comments?post=7816"}],"version-history":[{"count":3,"href":"https:\/\/portalf1.si\/index.php\/wp-json\/wp\/v2\/posts\/7816\/revisions"}],"predecessor-version":[{"id":7821,"href":"https:\/\/portalf1.si\/index.php\/wp-json\/wp\/v2\/posts\/7816\/revisions\/7821"}],"wp:featuredmedia":[{"embeddable":true,"href":"https:\/\/portalf1.si\/index.php\/wp-json\/wp\/v2\/media\/7818"}],"wp:attachment":[{"href":"https:\/\/portalf1.si\/index.php\/wp-json\/wp\/v2\/media?parent=7816"}],"wp:term":[{"taxonomy":"category","embeddable":true,"href":"https:\/\/portalf1.si\/index.php\/wp-json\/wp\/v2\/categories?post=7816"},{"taxonomy":"post_tag","embeddable":true,"href":"https:\/\/portalf1.si\/index.php\/wp-json\/wp\/v2\/tags?post=7816"}],"curies":[{"name":"wp","href":"https:\/\/api.w.org\/{rel}","templated":true}]}}