{"id":7844,"date":"2025-09-04T08:36:56","date_gmt":"2025-09-04T08:36:56","guid":{"rendered":"https:\/\/portalf1.si\/?p=7844"},"modified":"2025-09-04T08:36:56","modified_gmt":"2025-09-04T08:36:56","slug":"ferrari-je-predstavil-novo-cudovito-poslikavo-dirkalnika-namenjeno-monzi","status":"publish","type":"post","link":"https:\/\/portalf1.si\/index.php\/2025\/09\/04\/ferrari-je-predstavil-novo-cudovito-poslikavo-dirkalnika-namenjeno-monzi\/","title":{"rendered":"Ferrari je predstavil novo \u010dudovito poslikavo dirkalnika, namenjeno Monzi"},"content":{"rendered":"<p data-start=\"0\" data-end=\"220\"><strong>Ta konec tedna bo Ferrari na doma\u010dih tleh v Monzi nastopil s posebno poslikavo dirkalnika SF-25, ki jo je navdihnil legendarni model 312 T, dirkalnik Formule 1, s katerim je Niki Lauda leta 1975 osvojil svoj prvi naslov svetovnega prvaka.<\/strong><\/p>\n<p data-start=\"222\" data-end=\"579\">Gre za drugo doma\u010do dirko Ferrarija letos, a hkrati najbolj ikoni\u010dno in nestrpno pri\u010dakovano preizku\u0161njo za italijanske navija\u010de. V zadnjih letih je mo\u0161tvo iz Maranella redno pripravljalo tematske poslikave za Monzo, med drugim rumeno izvedbo v letih 2022 in 2023. Letos so \u017ee predstavili posebno kolekcijo navija\u0161kih obla\u010dil, kjer prevladuje modra barva.<\/p>\n<p data-start=\"581\" data-end=\"826\">Kar zadeva poslikavo dirkalnika, bo Ferrari obele\u017eil spomin na Nikija Laudo, ki je dva od svojih treh naslovov osvojil prav z njimi. Na pokrovu motorja SF-25 se bo pojavila bela barva kot poklon dirkalniku 312 T izpred natanko petdesetih let.<\/p>\n<p data-start=\"828\" data-end=\"1245\">Enotno retro podobo bodo imeli tudi kombinezoni, \u010delade in obla\u010dila ekipe, pri \u010demer se vra\u010da pravokotni logotip s posko\u010dnim konji\u010dkom, ki bo nadomestil sodoben \u0161\u010dit. <em>&#8220;Poslikava 312 T iz leta 1975 je legendarna in jo bomo ta konec tedna obudili na dirkalnikih Charlesa Leclerca in Lewisa Hamiltona s pomo\u010djo posebne folije, razvite v sodelovanju z glavnim partnerjem HP, enako kot \u017ee v Miamiju,&#8221;<\/em> so sporo\u010dili iz ekipe.<\/p>\n<p data-start=\"1247\" data-end=\"1590\"><em>&#8220;SF-25 bo prevzel zna\u010dilne poteze legendarnega 312 T. Odtenek rde\u010de bo enak kot pred petdesetimi leti, prisotne bodo bele vzdol\u017ene \u010drte, imena dirka\u010dev bodo zapisana v kurzivi. \u0160tevilke bodo v retro slogu, \u010drne na belem pravokotnem ozadju. Zadnje krilo bo kovinsko srebrno, v spomin na aluminij, uporabljen pred obdobjem ogljikovih vlaken,&#8221;<\/em> se nadaljuje zapis.<\/p>\n<p data-start=\"1592\" data-end=\"1718\" data-is-last-node=\"\" data-is-only-node=\"\"><em>&#8220;Pokrov motorja bo seveda bel, kot pri Laudinem dirkalniku, plati\u0161\u010da pa bodo oblikovno navdahnjena z dizajnom tistega \u010dasa.&#8221;<\/em><\/p>\n<p data-start=\"1592\" data-end=\"1718\" data-is-last-node=\"\" data-is-only-node=\"\"><img data-dominant-color=\"7d7269\" data-has-transparency=\"false\" style=\"--dominant-color: #7d7269;\" loading=\"lazy\" decoding=\"async\" class=\"alignnone wp-image-7847 not-transparent\" src=\"https:\/\/portalf1.si\/wp-content\/uploads\/2025\/09\/photo-5891121755198703780-y-68b8013cd6cd9.webp\" alt=\"\" width=\"1116\" height=\"627\" srcset=\"https:\/\/portalf1.si\/wp-content\/uploads\/2025\/09\/photo-5891121755198703780-y-68b8013cd6cd9.webp 1280w, https:\/\/portalf1.si\/wp-content\/uploads\/2025\/09\/photo-5891121755198703780-y-68b8013cd6cd9-300x169.webp 300w, https:\/\/portalf1.si\/wp-content\/uploads\/2025\/09\/photo-5891121755198703780-y-68b8013cd6cd9-1024x575.webp 1024w, https:\/\/portalf1.si\/wp-content\/uploads\/2025\/09\/photo-5891121755198703780-y-68b8013cd6cd9-768x431.webp 768w\" sizes=\"auto, (max-width: 1116px) 100vw, 1116px\" \/><\/p>\n<blockquote class=\"wp-embedded-content\" data-secret=\"SDdXGVS8m5\"><p><a href=\"https:\/\/portalf1.si\/index.php\/2025\/09\/03\/ferrari-ima-jasne-cilje-za-monzo-zelimo-se-oddolziti-navijacem\/\">Ferrari ima jasne cilje za Monzo: \u017delimo se oddol\u017eiti navija\u010dem<\/a><\/p><\/blockquote>\n<p><iframe loading=\"lazy\" class=\"wp-embedded-content\" sandbox=\"allow-scripts\" security=\"restricted\" style=\"position: absolute; visibility: hidden;\" title=\"&#8220;Ferrari ima jasne cilje za Monzo: \u017delimo se oddol\u017eiti navija\u010dem&#8221; &#8212; Portal F1\" src=\"https:\/\/portalf1.si\/index.php\/2025\/09\/03\/ferrari-ima-jasne-cilje-za-monzo-zelimo-se-oddolziti-navijacem\/embed\/#?secret=miXmisOFy9#?secret=SDdXGVS8m5\" data-secret=\"SDdXGVS8m5\" width=\"600\" height=\"338\" frameborder=\"0\" marginwidth=\"0\" marginheight=\"0\" scrolling=\"no\"><\/iframe><\/p>\n","protected":false},"excerpt":{"rendered":"<p>Ta konec tedna bo Ferrari na doma\u010dih tleh v Monzi nastopil s posebno poslikavo dirkalnika SF-25, ki jo je navdihnil legendarni model 312 T, dirkalnik Formule 1, s katerim je Niki Lauda leta 1975 osvojil svoj prvi naslov svetovnega prvaka. Gre za drugo doma\u010do dirko Ferrarija letos, a hkrati najbolj ikoni\u010dno in nestrpno pri\u010dakovano preizku\u0161njo [&hellip;]<\/p>\n","protected":false},"author":1,"featured_media":7845,"comment_status":"open","ping_status":"open","sticky":false,"template":"","format":"standard","meta":{"footnotes":""},"categories":[34,30,31,351],"tags":[44,50,159,46,45,51,158,352],"class_list":["post-7844","post","type-post","status-publish","format-standard","has-post-thumbnail","hentry","category-ferrari","category-formula-1","category-novice","category-vn-italije","tag-f1","tag-f1-2025","tag-f1-slovenija","tag-ferrari","tag-formula-1","tag-formula-1-2025","tag-formula-1-slovenija","tag-vn-italije"],"blocksy_meta":[],"yoast_head":"<!-- This site is optimized with the Yoast SEO plugin v27.4 - https:\/\/yoast.com\/product\/yoast-seo-wordpress\/ -->\n<title>Ferrari je predstavil novo \u010dudovito poslikavo dirkalnika, namenjeno Monzi - Portal F1<\/title>\n<meta name=\"description\" content=\"Ferrari bo v Monzi nastopil s poslikavo, ki jo je navdihnil model 312 T, dirkalnik Formule 1, s katerim je Lauda leta 1975 osvojil naslov.\" \/>\n<meta name=\"robots\" content=\"index, follow, max-snippet:-1, max-image-preview:large, max-video-preview:-1\" \/>\n<link rel=\"canonical\" href=\"https:\/\/portalf1.si\/index.php\/2025\/09\/04\/ferrari-je-predstavil-novo-cudovito-poslikavo-dirkalnika-namenjeno-monzi\/\" \/>\n<meta property=\"og:locale\" content=\"sl_SI\" \/>\n<meta property=\"og:type\" content=\"article\" \/>\n<meta property=\"og:title\" content=\"Ferrari je predstavil novo \u010dudovito poslikavo dirkalnika, namenjeno Monzi - Portal F1\" \/>\n<meta property=\"og:description\" content=\"Ferrari bo v Monzi nastopil s poslikavo, ki jo je navdihnil model 312 T, dirkalnik Formule 1, s katerim je Lauda leta 1975 osvojil naslov.\" \/>\n<meta property=\"og:url\" content=\"https:\/\/portalf1.si\/index.php\/2025\/09\/04\/ferrari-je-predstavil-novo-cudovito-poslikavo-dirkalnika-namenjeno-monzi\/\" \/>\n<meta property=\"og:site_name\" content=\"Portal F1\" \/>\n<meta property=\"article:publisher\" content=\"https:\/\/www.facebook.com\/portalf1.si\/?locale=sl_SI\" \/>\n<meta property=\"article:published_time\" content=\"2025-09-04T08:36:56+00:00\" \/>\n<meta property=\"og:image\" content=\"https:\/\/portalf1.si\/wp-content\/uploads\/2025\/09\/1500x500.webp\" \/>\n\t<meta property=\"og:image:width\" content=\"1500\" \/>\n\t<meta property=\"og:image:height\" content=\"500\" \/>\n\t<meta property=\"og:image:type\" content=\"image\/jpeg\" \/>\n<meta name=\"author\" content=\"Denis \u0160tojs\" \/>\n<meta name=\"twitter:card\" content=\"summary_large_image\" \/>\n<meta name=\"twitter:label1\" content=\"Written by\" \/>\n\t<meta name=\"twitter:data1\" content=\"Denis \u0160tojs\" \/>\n\t<meta name=\"twitter:label2\" content=\"Est. reading time\" \/>\n\t<meta name=\"twitter:data2\" content=\"2 minuti\" \/>\n<script type=\"application\/ld+json\" class=\"yoast-schema-graph\">{\"@context\":\"https:\\\/\\\/schema.org\",\"@graph\":[{\"@type\":\"Article\",\"@id\":\"https:\\\/\\\/portalf1.si\\\/index.php\\\/2025\\\/09\\\/04\\\/ferrari-je-predstavil-novo-cudovito-poslikavo-dirkalnika-namenjeno-monzi\\\/#article\",\"isPartOf\":{\"@id\":\"https:\\\/\\\/portalf1.si\\\/index.php\\\/2025\\\/09\\\/04\\\/ferrari-je-predstavil-novo-cudovito-poslikavo-dirkalnika-namenjeno-monzi\\\/\"},\"author\":{\"name\":\"Denis \u0160tojs\",\"@id\":\"https:\\\/\\\/portalf1.si\\\/#\\\/schema\\\/person\\\/abfef3ba57233710daadfbdd742fecd5\"},\"headline\":\"Ferrari je predstavil novo \u010dudovito poslikavo dirkalnika, namenjeno Monzi\",\"datePublished\":\"2025-09-04T08:36:56+00:00\",\"mainEntityOfPage\":{\"@id\":\"https:\\\/\\\/portalf1.si\\\/index.php\\\/2025\\\/09\\\/04\\\/ferrari-je-predstavil-novo-cudovito-poslikavo-dirkalnika-namenjeno-monzi\\\/\"},\"wordCount\":298,\"commentCount\":0,\"publisher\":{\"@id\":\"https:\\\/\\\/portalf1.si\\\/#organization\"},\"image\":{\"@id\":\"https:\\\/\\\/portalf1.si\\\/index.php\\\/2025\\\/09\\\/04\\\/ferrari-je-predstavil-novo-cudovito-poslikavo-dirkalnika-namenjeno-monzi\\\/#primaryimage\"},\"thumbnailUrl\":\"https:\\\/\\\/portalf1.si\\\/wp-content\\\/uploads\\\/2025\\\/09\\\/1500x500.webp\",\"keywords\":[\"F1\",\"F1 2025\",\"F1 Slovenija\",\"Ferrari\",\"Formula 1\",\"Formula 1 2025\",\"Formula 1 Slovenija\",\"VN Italije\"],\"articleSection\":[\"Ferrari\",\"Formula 1\",\"Novice\",\"VN Italije\"],\"inLanguage\":\"sl-SI\",\"potentialAction\":[{\"@type\":\"CommentAction\",\"name\":\"Comment\",\"target\":[\"https:\\\/\\\/portalf1.si\\\/index.php\\\/2025\\\/09\\\/04\\\/ferrari-je-predstavil-novo-cudovito-poslikavo-dirkalnika-namenjeno-monzi\\\/#respond\"]}]},{\"@type\":\"WebPage\",\"@id\":\"https:\\\/\\\/portalf1.si\\\/index.php\\\/2025\\\/09\\\/04\\\/ferrari-je-predstavil-novo-cudovito-poslikavo-dirkalnika-namenjeno-monzi\\\/\",\"url\":\"https:\\\/\\\/portalf1.si\\\/index.php\\\/2025\\\/09\\\/04\\\/ferrari-je-predstavil-novo-cudovito-poslikavo-dirkalnika-namenjeno-monzi\\\/\",\"name\":\"Ferrari je predstavil novo \u010dudovito poslikavo dirkalnika, namenjeno Monzi - Portal F1\",\"isPartOf\":{\"@id\":\"https:\\\/\\\/portalf1.si\\\/#website\"},\"primaryImageOfPage\":{\"@id\":\"https:\\\/\\\/portalf1.si\\\/index.php\\\/2025\\\/09\\\/04\\\/ferrari-je-predstavil-novo-cudovito-poslikavo-dirkalnika-namenjeno-monzi\\\/#primaryimage\"},\"image\":{\"@id\":\"https:\\\/\\\/portalf1.si\\\/index.php\\\/2025\\\/09\\\/04\\\/ferrari-je-predstavil-novo-cudovito-poslikavo-dirkalnika-namenjeno-monzi\\\/#primaryimage\"},\"thumbnailUrl\":\"https:\\\/\\\/portalf1.si\\\/wp-content\\\/uploads\\\/2025\\\/09\\\/1500x500.webp\",\"datePublished\":\"2025-09-04T08:36:56+00:00\",\"description\":\"Ferrari bo v Monzi nastopil s poslikavo, ki jo je navdihnil model 312 T, dirkalnik Formule 1, s katerim je Lauda leta 1975 osvojil naslov.\",\"breadcrumb\":{\"@id\":\"https:\\\/\\\/portalf1.si\\\/index.php\\\/2025\\\/09\\\/04\\\/ferrari-je-predstavil-novo-cudovito-poslikavo-dirkalnika-namenjeno-monzi\\\/#breadcrumb\"},\"inLanguage\":\"sl-SI\",\"potentialAction\":[{\"@type\":\"ReadAction\",\"target\":[\"https:\\\/\\\/portalf1.si\\\/index.php\\\/2025\\\/09\\\/04\\\/ferrari-je-predstavil-novo-cudovito-poslikavo-dirkalnika-namenjeno-monzi\\\/\"]}]},{\"@type\":\"ImageObject\",\"inLanguage\":\"sl-SI\",\"@id\":\"https:\\\/\\\/portalf1.si\\\/index.php\\\/2025\\\/09\\\/04\\\/ferrari-je-predstavil-novo-cudovito-poslikavo-dirkalnika-namenjeno-monzi\\\/#primaryimage\",\"url\":\"https:\\\/\\\/portalf1.si\\\/wp-content\\\/uploads\\\/2025\\\/09\\\/1500x500.webp\",\"contentUrl\":\"https:\\\/\\\/portalf1.si\\\/wp-content\\\/uploads\\\/2025\\\/09\\\/1500x500.webp\",\"width\":1500,\"height\":500},{\"@type\":\"BreadcrumbList\",\"@id\":\"https:\\\/\\\/portalf1.si\\\/index.php\\\/2025\\\/09\\\/04\\\/ferrari-je-predstavil-novo-cudovito-poslikavo-dirkalnika-namenjeno-monzi\\\/#breadcrumb\",\"itemListElement\":[{\"@type\":\"ListItem\",\"position\":1,\"name\":\"Home\",\"item\":\"https:\\\/\\\/portalf1.si\\\/\"},{\"@type\":\"ListItem\",\"position\":2,\"name\":\"Ferrari je predstavil novo \u010dudovito poslikavo dirkalnika, namenjeno Monzi\"}]},{\"@type\":\"WebSite\",\"@id\":\"https:\\\/\\\/portalf1.si\\\/#website\",\"url\":\"https:\\\/\\\/portalf1.si\\\/\",\"name\":\"Portal F1\",\"description\":\"Vstopite v svet hitrosti in adrenalina\",\"publisher\":{\"@id\":\"https:\\\/\\\/portalf1.si\\\/#organization\"},\"potentialAction\":[{\"@type\":\"SearchAction\",\"target\":{\"@type\":\"EntryPoint\",\"urlTemplate\":\"https:\\\/\\\/portalf1.si\\\/?s={search_term_string}\"},\"query-input\":{\"@type\":\"PropertyValueSpecification\",\"valueRequired\":true,\"valueName\":\"search_term_string\"}}],\"inLanguage\":\"sl-SI\"},{\"@type\":\"Organization\",\"@id\":\"https:\\\/\\\/portalf1.si\\\/#organization\",\"name\":\"Portal F1\",\"url\":\"https:\\\/\\\/portalf1.si\\\/\",\"logo\":{\"@type\":\"ImageObject\",\"inLanguage\":\"sl-SI\",\"@id\":\"https:\\\/\\\/portalf1.si\\\/#\\\/schema\\\/logo\\\/image\\\/\",\"url\":\"https:\\\/\\\/portalf1.si\\\/wp-content\\\/uploads\\\/2025\\\/02\\\/cropped-HiPaint_1738532868530.png\",\"contentUrl\":\"https:\\\/\\\/portalf1.si\\\/wp-content\\\/uploads\\\/2025\\\/02\\\/cropped-HiPaint_1738532868530.png\",\"width\":512,\"height\":512,\"caption\":\"Portal F1\"},\"image\":{\"@id\":\"https:\\\/\\\/portalf1.si\\\/#\\\/schema\\\/logo\\\/image\\\/\"},\"sameAs\":[\"https:\\\/\\\/www.facebook.com\\\/portalf1.si\\\/?locale=sl_SI\"]},{\"@type\":\"Person\",\"@id\":\"https:\\\/\\\/portalf1.si\\\/#\\\/schema\\\/person\\\/abfef3ba57233710daadfbdd742fecd5\",\"name\":\"Denis \u0160tojs\",\"image\":{\"@type\":\"ImageObject\",\"inLanguage\":\"sl-SI\",\"@id\":\"https:\\\/\\\/secure.gravatar.com\\\/avatar\\\/b006ce11dfb9c6e47e9de9803eefbdc14aa4afb445f3cca05acc735c22115b38?s=96&d=mm&r=g\",\"url\":\"https:\\\/\\\/secure.gravatar.com\\\/avatar\\\/b006ce11dfb9c6e47e9de9803eefbdc14aa4afb445f3cca05acc735c22115b38?s=96&d=mm&r=g\",\"contentUrl\":\"https:\\\/\\\/secure.gravatar.com\\\/avatar\\\/b006ce11dfb9c6e47e9de9803eefbdc14aa4afb445f3cca05acc735c22115b38?s=96&d=mm&r=g\",\"caption\":\"Denis \u0160tojs\"},\"sameAs\":[\"https:\\\/\\\/portalf1.si\"],\"url\":\"https:\\\/\\\/portalf1.si\\\/index.php\\\/author\\\/portalf1\\\/\"}]}<\/script>\n<!-- \/ Yoast SEO plugin. -->","yoast_head_json":{"title":"Ferrari je predstavil novo \u010dudovito poslikavo dirkalnika, namenjeno Monzi - Portal F1","description":"Ferrari bo v Monzi nastopil s poslikavo, ki jo je navdihnil model 312 T, dirkalnik Formule 1, s katerim je Lauda leta 1975 osvojil naslov.","robots":{"index":"index","follow":"follow","max-snippet":"max-snippet:-1","max-image-preview":"max-image-preview:large","max-video-preview":"max-video-preview:-1"},"canonical":"https:\/\/portalf1.si\/index.php\/2025\/09\/04\/ferrari-je-predstavil-novo-cudovito-poslikavo-dirkalnika-namenjeno-monzi\/","og_locale":"sl_SI","og_type":"article","og_title":"Ferrari je predstavil novo \u010dudovito poslikavo dirkalnika, namenjeno Monzi - Portal F1","og_description":"Ferrari bo v Monzi nastopil s poslikavo, ki jo je navdihnil model 312 T, dirkalnik Formule 1, s katerim je Lauda leta 1975 osvojil naslov.","og_url":"https:\/\/portalf1.si\/index.php\/2025\/09\/04\/ferrari-je-predstavil-novo-cudovito-poslikavo-dirkalnika-namenjeno-monzi\/","og_site_name":"Portal F1","article_publisher":"https:\/\/www.facebook.com\/portalf1.si\/?locale=sl_SI","article_published_time":"2025-09-04T08:36:56+00:00","og_image":[{"width":1500,"height":500,"url":"https:\/\/portalf1.si\/wp-content\/uploads\/2025\/09\/1500x500.webp","type":"image\/jpeg"}],"author":"Denis \u0160tojs","twitter_card":"summary_large_image","twitter_misc":{"Written by":"Denis \u0160tojs","Est. reading time":"2 minuti"},"schema":{"@context":"https:\/\/schema.org","@graph":[{"@type":"Article","@id":"https:\/\/portalf1.si\/index.php\/2025\/09\/04\/ferrari-je-predstavil-novo-cudovito-poslikavo-dirkalnika-namenjeno-monzi\/#article","isPartOf":{"@id":"https:\/\/portalf1.si\/index.php\/2025\/09\/04\/ferrari-je-predstavil-novo-cudovito-poslikavo-dirkalnika-namenjeno-monzi\/"},"author":{"name":"Denis \u0160tojs","@id":"https:\/\/portalf1.si\/#\/schema\/person\/abfef3ba57233710daadfbdd742fecd5"},"headline":"Ferrari je predstavil novo \u010dudovito poslikavo dirkalnika, namenjeno Monzi","datePublished":"2025-09-04T08:36:56+00:00","mainEntityOfPage":{"@id":"https:\/\/portalf1.si\/index.php\/2025\/09\/04\/ferrari-je-predstavil-novo-cudovito-poslikavo-dirkalnika-namenjeno-monzi\/"},"wordCount":298,"commentCount":0,"publisher":{"@id":"https:\/\/portalf1.si\/#organization"},"image":{"@id":"https:\/\/portalf1.si\/index.php\/2025\/09\/04\/ferrari-je-predstavil-novo-cudovito-poslikavo-dirkalnika-namenjeno-monzi\/#primaryimage"},"thumbnailUrl":"https:\/\/portalf1.si\/wp-content\/uploads\/2025\/09\/1500x500.webp","keywords":["F1","F1 2025","F1 Slovenija","Ferrari","Formula 1","Formula 1 2025","Formula 1 Slovenija","VN Italije"],"articleSection":["Ferrari","Formula 1","Novice","VN Italije"],"inLanguage":"sl-SI","potentialAction":[{"@type":"CommentAction","name":"Comment","target":["https:\/\/portalf1.si\/index.php\/2025\/09\/04\/ferrari-je-predstavil-novo-cudovito-poslikavo-dirkalnika-namenjeno-monzi\/#respond"]}]},{"@type":"WebPage","@id":"https:\/\/portalf1.si\/index.php\/2025\/09\/04\/ferrari-je-predstavil-novo-cudovito-poslikavo-dirkalnika-namenjeno-monzi\/","url":"https:\/\/portalf1.si\/index.php\/2025\/09\/04\/ferrari-je-predstavil-novo-cudovito-poslikavo-dirkalnika-namenjeno-monzi\/","name":"Ferrari je predstavil novo \u010dudovito poslikavo dirkalnika, namenjeno Monzi - Portal F1","isPartOf":{"@id":"https:\/\/portalf1.si\/#website"},"primaryImageOfPage":{"@id":"https:\/\/portalf1.si\/index.php\/2025\/09\/04\/ferrari-je-predstavil-novo-cudovito-poslikavo-dirkalnika-namenjeno-monzi\/#primaryimage"},"image":{"@id":"https:\/\/portalf1.si\/index.php\/2025\/09\/04\/ferrari-je-predstavil-novo-cudovito-poslikavo-dirkalnika-namenjeno-monzi\/#primaryimage"},"thumbnailUrl":"https:\/\/portalf1.si\/wp-content\/uploads\/2025\/09\/1500x500.webp","datePublished":"2025-09-04T08:36:56+00:00","description":"Ferrari bo v Monzi nastopil s poslikavo, ki jo je navdihnil model 312 T, dirkalnik Formule 1, s katerim je Lauda leta 1975 osvojil naslov.","breadcrumb":{"@id":"https:\/\/portalf1.si\/index.php\/2025\/09\/04\/ferrari-je-predstavil-novo-cudovito-poslikavo-dirkalnika-namenjeno-monzi\/#breadcrumb"},"inLanguage":"sl-SI","potentialAction":[{"@type":"ReadAction","target":["https:\/\/portalf1.si\/index.php\/2025\/09\/04\/ferrari-je-predstavil-novo-cudovito-poslikavo-dirkalnika-namenjeno-monzi\/"]}]},{"@type":"ImageObject","inLanguage":"sl-SI","@id":"https:\/\/portalf1.si\/index.php\/2025\/09\/04\/ferrari-je-predstavil-novo-cudovito-poslikavo-dirkalnika-namenjeno-monzi\/#primaryimage","url":"https:\/\/portalf1.si\/wp-content\/uploads\/2025\/09\/1500x500.webp","contentUrl":"https:\/\/portalf1.si\/wp-content\/uploads\/2025\/09\/1500x500.webp","width":1500,"height":500},{"@type":"BreadcrumbList","@id":"https:\/\/portalf1.si\/index.php\/2025\/09\/04\/ferrari-je-predstavil-novo-cudovito-poslikavo-dirkalnika-namenjeno-monzi\/#breadcrumb","itemListElement":[{"@type":"ListItem","position":1,"name":"Home","item":"https:\/\/portalf1.si\/"},{"@type":"ListItem","position":2,"name":"Ferrari je predstavil novo \u010dudovito poslikavo dirkalnika, namenjeno Monzi"}]},{"@type":"WebSite","@id":"https:\/\/portalf1.si\/#website","url":"https:\/\/portalf1.si\/","name":"Portal F1","description":"Vstopite v svet hitrosti in adrenalina","publisher":{"@id":"https:\/\/portalf1.si\/#organization"},"potentialAction":[{"@type":"SearchAction","target":{"@type":"EntryPoint","urlTemplate":"https:\/\/portalf1.si\/?s={search_term_string}"},"query-input":{"@type":"PropertyValueSpecification","valueRequired":true,"valueName":"search_term_string"}}],"inLanguage":"sl-SI"},{"@type":"Organization","@id":"https:\/\/portalf1.si\/#organization","name":"Portal F1","url":"https:\/\/portalf1.si\/","logo":{"@type":"ImageObject","inLanguage":"sl-SI","@id":"https:\/\/portalf1.si\/#\/schema\/logo\/image\/","url":"https:\/\/portalf1.si\/wp-content\/uploads\/2025\/02\/cropped-HiPaint_1738532868530.png","contentUrl":"https:\/\/portalf1.si\/wp-content\/uploads\/2025\/02\/cropped-HiPaint_1738532868530.png","width":512,"height":512,"caption":"Portal F1"},"image":{"@id":"https:\/\/portalf1.si\/#\/schema\/logo\/image\/"},"sameAs":["https:\/\/www.facebook.com\/portalf1.si\/?locale=sl_SI"]},{"@type":"Person","@id":"https:\/\/portalf1.si\/#\/schema\/person\/abfef3ba57233710daadfbdd742fecd5","name":"Denis \u0160tojs","image":{"@type":"ImageObject","inLanguage":"sl-SI","@id":"https:\/\/secure.gravatar.com\/avatar\/b006ce11dfb9c6e47e9de9803eefbdc14aa4afb445f3cca05acc735c22115b38?s=96&d=mm&r=g","url":"https:\/\/secure.gravatar.com\/avatar\/b006ce11dfb9c6e47e9de9803eefbdc14aa4afb445f3cca05acc735c22115b38?s=96&d=mm&r=g","contentUrl":"https:\/\/secure.gravatar.com\/avatar\/b006ce11dfb9c6e47e9de9803eefbdc14aa4afb445f3cca05acc735c22115b38?s=96&d=mm&r=g","caption":"Denis \u0160tojs"},"sameAs":["https:\/\/portalf1.si"],"url":"https:\/\/portalf1.si\/index.php\/author\/portalf1\/"}]}},"_links":{"self":[{"href":"https:\/\/portalf1.si\/index.php\/wp-json\/wp\/v2\/posts\/7844","targetHints":{"allow":["GET"]}}],"collection":[{"href":"https:\/\/portalf1.si\/index.php\/wp-json\/wp\/v2\/posts"}],"about":[{"href":"https:\/\/portalf1.si\/index.php\/wp-json\/wp\/v2\/types\/post"}],"author":[{"embeddable":true,"href":"https:\/\/portalf1.si\/index.php\/wp-json\/wp\/v2\/users\/1"}],"replies":[{"embeddable":true,"href":"https:\/\/portalf1.si\/index.php\/wp-json\/wp\/v2\/comments?post=7844"}],"version-history":[{"count":4,"href":"https:\/\/portalf1.si\/index.php\/wp-json\/wp\/v2\/posts\/7844\/revisions"}],"predecessor-version":[{"id":7851,"href":"https:\/\/portalf1.si\/index.php\/wp-json\/wp\/v2\/posts\/7844\/revisions\/7851"}],"wp:featuredmedia":[{"embeddable":true,"href":"https:\/\/portalf1.si\/index.php\/wp-json\/wp\/v2\/media\/7845"}],"wp:attachment":[{"href":"https:\/\/portalf1.si\/index.php\/wp-json\/wp\/v2\/media?parent=7844"}],"wp:term":[{"taxonomy":"category","embeddable":true,"href":"https:\/\/portalf1.si\/index.php\/wp-json\/wp\/v2\/categories?post=7844"},{"taxonomy":"post_tag","embeddable":true,"href":"https:\/\/portalf1.si\/index.php\/wp-json\/wp\/v2\/tags?post=7844"}],"curies":[{"name":"wp","href":"https:\/\/api.w.org\/{rel}","templated":true}]}}