{"id":7875,"date":"2025-09-05T08:11:46","date_gmt":"2025-09-05T08:11:46","guid":{"rendered":"https:\/\/portalf1.si\/?p=7875"},"modified":"2025-09-05T18:01:54","modified_gmt":"2025-09-05T18:01:54","slug":"verstappen-si-zeli-dirkati-za-ferrari-a-pod-enim-pogojem","status":"publish","type":"post","link":"https:\/\/portalf1.si\/index.php\/2025\/09\/05\/verstappen-si-zeli-dirkati-za-ferrari-a-pod-enim-pogojem\/","title":{"rendered":"Verstappen si \u017eeli dirkati za Ferrari, a pod enim pogojem"},"content":{"rendered":"<p data-start=\"135\" data-end=\"310\"><strong>Aktualni svetovni prvak Formule 1 Max Verstappen je pred za\u010detkom VN Italije dejal, da bi si morda neko\u010d \u017eelel dirkati za Ferrari, a pod dolo\u010denim pogojem. Nizozemec je \u017ee pred VN Mad\u017earske potrdil, da bo pri Red Bullu ostal vsaj do konca sezone 2026.<\/strong><\/p>\n<p data-start=\"312\" data-end=\"486\">Veliko dirka\u010dev sanja o Ferrariju, saj je to najuspe\u0161nej\u0161a in najbolj legendarna ekipa v Formuli 1. Toda Verstappen opozarja, da samo dirkanje za italijansko mo\u0161tvo ni dovolj.<\/p>\n<p data-start=\"488\" data-end=\"807\"><em>&#8220;Ferrari je ogromna znamka. Vsak dirka\u010d si predstavlja, kako bi bilo dirkati za njih. Ampak \u010de \u017eeli\u0161 dirkati za Ferrari samo zaradi imena, potem je to napaka. \u010ce bi \u0161el tja, ne bi \u0161el zgolj zaradi Ferrarija, ampak ker bi imel prilo\u017enost zmagovati. In \u010de zmaguje\u0161 s Ferrarijem, je to \u0161e toliko ve\u010d vredno,&#8221;<\/em> je dejal Nizozemec.<\/p>\n<p data-start=\"809\" data-end=\"937\">Verstappen poudarja, da se dirka\u010d ne sme prepustiti emocijam. <em>&#8220;V Ferrari mora\u0161 iti zato, ker \u010duti\u0161, da je to pravi korak.&#8221;<\/em><\/p>\n<p data-start=\"939\" data-end=\"1180\">Ob spremembah pravilnika, ki prihajajo prihodnje leto, pa priznava, da bi prav Ferrari lahko postal najbolj\u0161a izbira. <em>&#8220;Ali bo to pravi kraj, \u0161e ne vem. To bomo videli prihodnje leto. Nova pravila lahko popolnoma preme\u0161ajo razmerja na stezi.&#8221;<\/em><\/p>\n<blockquote class=\"wp-embedded-content\" data-secret=\"rz4GzCXp6q\"><p><a href=\"https:\/\/portalf1.si\/index.php\/2025\/09\/03\/presenetljivo-verstappen-je-razkril-svoje-nacrte-za-prihodnost\/\">Presenetljivo? Verstappen je razkril svoje na\u010drte za prihodnost<\/a><\/p><\/blockquote>\n<p><iframe loading=\"lazy\" class=\"wp-embedded-content\" sandbox=\"allow-scripts\" security=\"restricted\" style=\"position: absolute; visibility: hidden;\" title=\"&#8220;Presenetljivo? Verstappen je razkril svoje na\u010drte za prihodnost&#8221; &#8212; Portal F1\" src=\"https:\/\/portalf1.si\/index.php\/2025\/09\/03\/presenetljivo-verstappen-je-razkril-svoje-nacrte-za-prihodnost\/embed\/#?secret=Agw5rw2unD#?secret=rz4GzCXp6q\" data-secret=\"rz4GzCXp6q\" width=\"600\" height=\"338\" frameborder=\"0\" marginwidth=\"0\" marginheight=\"0\" scrolling=\"no\"><\/iframe><\/p>\n","protected":false},"excerpt":{"rendered":"<p>Aktualni svetovni prvak Formule 1 Max Verstappen je pred za\u010detkom VN Italije dejal, da bi si morda neko\u010d \u017eelel dirkati za Ferrari, a pod dolo\u010denim pogojem. Nizozemec je \u017ee pred VN Mad\u017earske potrdil, da bo pri Red Bullu ostal vsaj do konca sezone 2026. Veliko dirka\u010dev sanja o Ferrariju, saj je to najuspe\u0161nej\u0161a in najbolj [&hellip;]<\/p>\n","protected":false},"author":1,"featured_media":7876,"comment_status":"open","ping_status":"open","sticky":false,"template":"","format":"standard","meta":{"footnotes":""},"categories":[34,30,63,31],"tags":[44,50,159,46,45,51,158,47],"class_list":["post-7875","post","type-post","status-publish","format-standard","has-post-thumbnail","hentry","category-ferrari","category-formula-1","category-max-verstappen","category-novice","tag-f1","tag-f1-2025","tag-f1-slovenija","tag-ferrari","tag-formula-1","tag-formula-1-2025","tag-formula-1-slovenija","tag-max-verstappen"],"blocksy_meta":[],"yoast_head":"<!-- This site is optimized with the Yoast SEO plugin v27.4 - https:\/\/yoast.com\/product\/yoast-seo-wordpress\/ -->\n<title>Verstappen si \u017eeli dirkati za Ferrari, a pod enim pogojem - Portal F1<\/title>\n<meta name=\"description\" content=\"Dirka\u010d Formule 1 Max Verstappen je pred za\u010detkom VN Italije dejal, da bi si morda neko\u010d \u017eelel dirkati za Ferrari, a ima pod dolo\u010denim pogojem.\" \/>\n<meta name=\"robots\" content=\"index, follow, max-snippet:-1, max-image-preview:large, max-video-preview:-1\" \/>\n<link rel=\"canonical\" href=\"https:\/\/portalf1.si\/index.php\/2025\/09\/05\/verstappen-si-zeli-dirkati-za-ferrari-a-pod-enim-pogojem\/\" \/>\n<meta property=\"og:locale\" content=\"sl_SI\" \/>\n<meta property=\"og:type\" content=\"article\" \/>\n<meta property=\"og:title\" content=\"Verstappen si \u017eeli dirkati za Ferrari, a pod enim pogojem - Portal F1\" \/>\n<meta property=\"og:description\" content=\"Dirka\u010d Formule 1 Max Verstappen je pred za\u010detkom VN Italije dejal, da bi si morda neko\u010d \u017eelel dirkati za Ferrari, a ima pod dolo\u010denim pogojem.\" \/>\n<meta property=\"og:url\" content=\"https:\/\/portalf1.si\/index.php\/2025\/09\/05\/verstappen-si-zeli-dirkati-za-ferrari-a-pod-enim-pogojem\/\" \/>\n<meta property=\"og:site_name\" content=\"Portal F1\" \/>\n<meta property=\"article:publisher\" content=\"https:\/\/www.facebook.com\/portalf1.si\/?locale=sl_SI\" \/>\n<meta property=\"article:published_time\" content=\"2025-09-05T08:11:46+00:00\" \/>\n<meta property=\"article:modified_time\" content=\"2025-09-05T18:01:54+00:00\" \/>\n<meta property=\"og:image\" content=\"https:\/\/portalf1.si\/wp-content\/uploads\/2025\/09\/max-verstappen-red-bull-racing-3.webp\" \/>\n\t<meta property=\"og:image:width\" content=\"1000\" \/>\n\t<meta property=\"og:image:height\" content=\"666\" \/>\n\t<meta property=\"og:image:type\" content=\"image\/jpeg\" \/>\n<meta name=\"author\" content=\"Denis \u0160tojs\" \/>\n<meta name=\"twitter:card\" content=\"summary_large_image\" \/>\n<meta name=\"twitter:label1\" content=\"Written by\" \/>\n\t<meta name=\"twitter:data1\" content=\"Denis \u0160tojs\" \/>\n\t<meta name=\"twitter:label2\" content=\"Est. reading time\" \/>\n\t<meta name=\"twitter:data2\" content=\"2 minuti\" \/>\n<script type=\"application\/ld+json\" class=\"yoast-schema-graph\">{\"@context\":\"https:\\\/\\\/schema.org\",\"@graph\":[{\"@type\":\"Article\",\"@id\":\"https:\\\/\\\/portalf1.si\\\/index.php\\\/2025\\\/09\\\/05\\\/verstappen-si-zeli-dirkati-za-ferrari-a-pod-enim-pogojem\\\/#article\",\"isPartOf\":{\"@id\":\"https:\\\/\\\/portalf1.si\\\/index.php\\\/2025\\\/09\\\/05\\\/verstappen-si-zeli-dirkati-za-ferrari-a-pod-enim-pogojem\\\/\"},\"author\":{\"name\":\"Denis \u0160tojs\",\"@id\":\"https:\\\/\\\/portalf1.si\\\/#\\\/schema\\\/person\\\/abfef3ba57233710daadfbdd742fecd5\"},\"headline\":\"Verstappen si \u017eeli dirkati za Ferrari, a pod enim pogojem\",\"datePublished\":\"2025-09-05T08:11:46+00:00\",\"dateModified\":\"2025-09-05T18:01:54+00:00\",\"mainEntityOfPage\":{\"@id\":\"https:\\\/\\\/portalf1.si\\\/index.php\\\/2025\\\/09\\\/05\\\/verstappen-si-zeli-dirkati-za-ferrari-a-pod-enim-pogojem\\\/\"},\"wordCount\":210,\"commentCount\":0,\"publisher\":{\"@id\":\"https:\\\/\\\/portalf1.si\\\/#organization\"},\"image\":{\"@id\":\"https:\\\/\\\/portalf1.si\\\/index.php\\\/2025\\\/09\\\/05\\\/verstappen-si-zeli-dirkati-za-ferrari-a-pod-enim-pogojem\\\/#primaryimage\"},\"thumbnailUrl\":\"https:\\\/\\\/portalf1.si\\\/wp-content\\\/uploads\\\/2025\\\/09\\\/max-verstappen-red-bull-racing-3.webp\",\"keywords\":[\"F1\",\"F1 2025\",\"F1 Slovenija\",\"Ferrari\",\"Formula 1\",\"Formula 1 2025\",\"Formula 1 Slovenija\",\"Max Verstappen\"],\"articleSection\":[\"Ferrari\",\"Formula 1\",\"Max Verstappen\",\"Novice\"],\"inLanguage\":\"sl-SI\",\"potentialAction\":[{\"@type\":\"CommentAction\",\"name\":\"Comment\",\"target\":[\"https:\\\/\\\/portalf1.si\\\/index.php\\\/2025\\\/09\\\/05\\\/verstappen-si-zeli-dirkati-za-ferrari-a-pod-enim-pogojem\\\/#respond\"]}]},{\"@type\":\"WebPage\",\"@id\":\"https:\\\/\\\/portalf1.si\\\/index.php\\\/2025\\\/09\\\/05\\\/verstappen-si-zeli-dirkati-za-ferrari-a-pod-enim-pogojem\\\/\",\"url\":\"https:\\\/\\\/portalf1.si\\\/index.php\\\/2025\\\/09\\\/05\\\/verstappen-si-zeli-dirkati-za-ferrari-a-pod-enim-pogojem\\\/\",\"name\":\"Verstappen si \u017eeli dirkati za Ferrari, a pod enim pogojem - Portal F1\",\"isPartOf\":{\"@id\":\"https:\\\/\\\/portalf1.si\\\/#website\"},\"primaryImageOfPage\":{\"@id\":\"https:\\\/\\\/portalf1.si\\\/index.php\\\/2025\\\/09\\\/05\\\/verstappen-si-zeli-dirkati-za-ferrari-a-pod-enim-pogojem\\\/#primaryimage\"},\"image\":{\"@id\":\"https:\\\/\\\/portalf1.si\\\/index.php\\\/2025\\\/09\\\/05\\\/verstappen-si-zeli-dirkati-za-ferrari-a-pod-enim-pogojem\\\/#primaryimage\"},\"thumbnailUrl\":\"https:\\\/\\\/portalf1.si\\\/wp-content\\\/uploads\\\/2025\\\/09\\\/max-verstappen-red-bull-racing-3.webp\",\"datePublished\":\"2025-09-05T08:11:46+00:00\",\"dateModified\":\"2025-09-05T18:01:54+00:00\",\"description\":\"Dirka\u010d Formule 1 Max Verstappen je pred za\u010detkom VN Italije dejal, da bi si morda neko\u010d \u017eelel dirkati za Ferrari, a ima pod dolo\u010denim pogojem.\",\"breadcrumb\":{\"@id\":\"https:\\\/\\\/portalf1.si\\\/index.php\\\/2025\\\/09\\\/05\\\/verstappen-si-zeli-dirkati-za-ferrari-a-pod-enim-pogojem\\\/#breadcrumb\"},\"inLanguage\":\"sl-SI\",\"potentialAction\":[{\"@type\":\"ReadAction\",\"target\":[\"https:\\\/\\\/portalf1.si\\\/index.php\\\/2025\\\/09\\\/05\\\/verstappen-si-zeli-dirkati-za-ferrari-a-pod-enim-pogojem\\\/\"]}]},{\"@type\":\"ImageObject\",\"inLanguage\":\"sl-SI\",\"@id\":\"https:\\\/\\\/portalf1.si\\\/index.php\\\/2025\\\/09\\\/05\\\/verstappen-si-zeli-dirkati-za-ferrari-a-pod-enim-pogojem\\\/#primaryimage\",\"url\":\"https:\\\/\\\/portalf1.si\\\/wp-content\\\/uploads\\\/2025\\\/09\\\/max-verstappen-red-bull-racing-3.webp\",\"contentUrl\":\"https:\\\/\\\/portalf1.si\\\/wp-content\\\/uploads\\\/2025\\\/09\\\/max-verstappen-red-bull-racing-3.webp\",\"width\":1000,\"height\":666},{\"@type\":\"BreadcrumbList\",\"@id\":\"https:\\\/\\\/portalf1.si\\\/index.php\\\/2025\\\/09\\\/05\\\/verstappen-si-zeli-dirkati-za-ferrari-a-pod-enim-pogojem\\\/#breadcrumb\",\"itemListElement\":[{\"@type\":\"ListItem\",\"position\":1,\"name\":\"Home\",\"item\":\"https:\\\/\\\/portalf1.si\\\/\"},{\"@type\":\"ListItem\",\"position\":2,\"name\":\"Verstappen si \u017eeli dirkati za Ferrari, a pod enim pogojem\"}]},{\"@type\":\"WebSite\",\"@id\":\"https:\\\/\\\/portalf1.si\\\/#website\",\"url\":\"https:\\\/\\\/portalf1.si\\\/\",\"name\":\"Portal F1\",\"description\":\"Vstopite v svet hitrosti in adrenalina\",\"publisher\":{\"@id\":\"https:\\\/\\\/portalf1.si\\\/#organization\"},\"potentialAction\":[{\"@type\":\"SearchAction\",\"target\":{\"@type\":\"EntryPoint\",\"urlTemplate\":\"https:\\\/\\\/portalf1.si\\\/?s={search_term_string}\"},\"query-input\":{\"@type\":\"PropertyValueSpecification\",\"valueRequired\":true,\"valueName\":\"search_term_string\"}}],\"inLanguage\":\"sl-SI\"},{\"@type\":\"Organization\",\"@id\":\"https:\\\/\\\/portalf1.si\\\/#organization\",\"name\":\"Portal F1\",\"url\":\"https:\\\/\\\/portalf1.si\\\/\",\"logo\":{\"@type\":\"ImageObject\",\"inLanguage\":\"sl-SI\",\"@id\":\"https:\\\/\\\/portalf1.si\\\/#\\\/schema\\\/logo\\\/image\\\/\",\"url\":\"https:\\\/\\\/portalf1.si\\\/wp-content\\\/uploads\\\/2025\\\/02\\\/cropped-HiPaint_1738532868530.png\",\"contentUrl\":\"https:\\\/\\\/portalf1.si\\\/wp-content\\\/uploads\\\/2025\\\/02\\\/cropped-HiPaint_1738532868530.png\",\"width\":512,\"height\":512,\"caption\":\"Portal F1\"},\"image\":{\"@id\":\"https:\\\/\\\/portalf1.si\\\/#\\\/schema\\\/logo\\\/image\\\/\"},\"sameAs\":[\"https:\\\/\\\/www.facebook.com\\\/portalf1.si\\\/?locale=sl_SI\"]},{\"@type\":\"Person\",\"@id\":\"https:\\\/\\\/portalf1.si\\\/#\\\/schema\\\/person\\\/abfef3ba57233710daadfbdd742fecd5\",\"name\":\"Denis \u0160tojs\",\"image\":{\"@type\":\"ImageObject\",\"inLanguage\":\"sl-SI\",\"@id\":\"https:\\\/\\\/secure.gravatar.com\\\/avatar\\\/b006ce11dfb9c6e47e9de9803eefbdc14aa4afb445f3cca05acc735c22115b38?s=96&d=mm&r=g\",\"url\":\"https:\\\/\\\/secure.gravatar.com\\\/avatar\\\/b006ce11dfb9c6e47e9de9803eefbdc14aa4afb445f3cca05acc735c22115b38?s=96&d=mm&r=g\",\"contentUrl\":\"https:\\\/\\\/secure.gravatar.com\\\/avatar\\\/b006ce11dfb9c6e47e9de9803eefbdc14aa4afb445f3cca05acc735c22115b38?s=96&d=mm&r=g\",\"caption\":\"Denis \u0160tojs\"},\"sameAs\":[\"https:\\\/\\\/portalf1.si\"],\"url\":\"https:\\\/\\\/portalf1.si\\\/index.php\\\/author\\\/portalf1\\\/\"}]}<\/script>\n<!-- \/ Yoast SEO plugin. -->","yoast_head_json":{"title":"Verstappen si \u017eeli dirkati za Ferrari, a pod enim pogojem - Portal F1","description":"Dirka\u010d Formule 1 Max Verstappen je pred za\u010detkom VN Italije dejal, da bi si morda neko\u010d \u017eelel dirkati za Ferrari, a ima pod dolo\u010denim pogojem.","robots":{"index":"index","follow":"follow","max-snippet":"max-snippet:-1","max-image-preview":"max-image-preview:large","max-video-preview":"max-video-preview:-1"},"canonical":"https:\/\/portalf1.si\/index.php\/2025\/09\/05\/verstappen-si-zeli-dirkati-za-ferrari-a-pod-enim-pogojem\/","og_locale":"sl_SI","og_type":"article","og_title":"Verstappen si \u017eeli dirkati za Ferrari, a pod enim pogojem - Portal F1","og_description":"Dirka\u010d Formule 1 Max Verstappen je pred za\u010detkom VN Italije dejal, da bi si morda neko\u010d \u017eelel dirkati za Ferrari, a ima pod dolo\u010denim pogojem.","og_url":"https:\/\/portalf1.si\/index.php\/2025\/09\/05\/verstappen-si-zeli-dirkati-za-ferrari-a-pod-enim-pogojem\/","og_site_name":"Portal F1","article_publisher":"https:\/\/www.facebook.com\/portalf1.si\/?locale=sl_SI","article_published_time":"2025-09-05T08:11:46+00:00","article_modified_time":"2025-09-05T18:01:54+00:00","og_image":[{"width":1000,"height":666,"url":"https:\/\/portalf1.si\/wp-content\/uploads\/2025\/09\/max-verstappen-red-bull-racing-3.webp","type":"image\/jpeg"}],"author":"Denis \u0160tojs","twitter_card":"summary_large_image","twitter_misc":{"Written by":"Denis \u0160tojs","Est. reading time":"2 minuti"},"schema":{"@context":"https:\/\/schema.org","@graph":[{"@type":"Article","@id":"https:\/\/portalf1.si\/index.php\/2025\/09\/05\/verstappen-si-zeli-dirkati-za-ferrari-a-pod-enim-pogojem\/#article","isPartOf":{"@id":"https:\/\/portalf1.si\/index.php\/2025\/09\/05\/verstappen-si-zeli-dirkati-za-ferrari-a-pod-enim-pogojem\/"},"author":{"name":"Denis \u0160tojs","@id":"https:\/\/portalf1.si\/#\/schema\/person\/abfef3ba57233710daadfbdd742fecd5"},"headline":"Verstappen si \u017eeli dirkati za Ferrari, a pod enim pogojem","datePublished":"2025-09-05T08:11:46+00:00","dateModified":"2025-09-05T18:01:54+00:00","mainEntityOfPage":{"@id":"https:\/\/portalf1.si\/index.php\/2025\/09\/05\/verstappen-si-zeli-dirkati-za-ferrari-a-pod-enim-pogojem\/"},"wordCount":210,"commentCount":0,"publisher":{"@id":"https:\/\/portalf1.si\/#organization"},"image":{"@id":"https:\/\/portalf1.si\/index.php\/2025\/09\/05\/verstappen-si-zeli-dirkati-za-ferrari-a-pod-enim-pogojem\/#primaryimage"},"thumbnailUrl":"https:\/\/portalf1.si\/wp-content\/uploads\/2025\/09\/max-verstappen-red-bull-racing-3.webp","keywords":["F1","F1 2025","F1 Slovenija","Ferrari","Formula 1","Formula 1 2025","Formula 1 Slovenija","Max Verstappen"],"articleSection":["Ferrari","Formula 1","Max Verstappen","Novice"],"inLanguage":"sl-SI","potentialAction":[{"@type":"CommentAction","name":"Comment","target":["https:\/\/portalf1.si\/index.php\/2025\/09\/05\/verstappen-si-zeli-dirkati-za-ferrari-a-pod-enim-pogojem\/#respond"]}]},{"@type":"WebPage","@id":"https:\/\/portalf1.si\/index.php\/2025\/09\/05\/verstappen-si-zeli-dirkati-za-ferrari-a-pod-enim-pogojem\/","url":"https:\/\/portalf1.si\/index.php\/2025\/09\/05\/verstappen-si-zeli-dirkati-za-ferrari-a-pod-enim-pogojem\/","name":"Verstappen si \u017eeli dirkati za Ferrari, a pod enim pogojem - Portal F1","isPartOf":{"@id":"https:\/\/portalf1.si\/#website"},"primaryImageOfPage":{"@id":"https:\/\/portalf1.si\/index.php\/2025\/09\/05\/verstappen-si-zeli-dirkati-za-ferrari-a-pod-enim-pogojem\/#primaryimage"},"image":{"@id":"https:\/\/portalf1.si\/index.php\/2025\/09\/05\/verstappen-si-zeli-dirkati-za-ferrari-a-pod-enim-pogojem\/#primaryimage"},"thumbnailUrl":"https:\/\/portalf1.si\/wp-content\/uploads\/2025\/09\/max-verstappen-red-bull-racing-3.webp","datePublished":"2025-09-05T08:11:46+00:00","dateModified":"2025-09-05T18:01:54+00:00","description":"Dirka\u010d Formule 1 Max Verstappen je pred za\u010detkom VN Italije dejal, da bi si morda neko\u010d \u017eelel dirkati za Ferrari, a ima pod dolo\u010denim pogojem.","breadcrumb":{"@id":"https:\/\/portalf1.si\/index.php\/2025\/09\/05\/verstappen-si-zeli-dirkati-za-ferrari-a-pod-enim-pogojem\/#breadcrumb"},"inLanguage":"sl-SI","potentialAction":[{"@type":"ReadAction","target":["https:\/\/portalf1.si\/index.php\/2025\/09\/05\/verstappen-si-zeli-dirkati-za-ferrari-a-pod-enim-pogojem\/"]}]},{"@type":"ImageObject","inLanguage":"sl-SI","@id":"https:\/\/portalf1.si\/index.php\/2025\/09\/05\/verstappen-si-zeli-dirkati-za-ferrari-a-pod-enim-pogojem\/#primaryimage","url":"https:\/\/portalf1.si\/wp-content\/uploads\/2025\/09\/max-verstappen-red-bull-racing-3.webp","contentUrl":"https:\/\/portalf1.si\/wp-content\/uploads\/2025\/09\/max-verstappen-red-bull-racing-3.webp","width":1000,"height":666},{"@type":"BreadcrumbList","@id":"https:\/\/portalf1.si\/index.php\/2025\/09\/05\/verstappen-si-zeli-dirkati-za-ferrari-a-pod-enim-pogojem\/#breadcrumb","itemListElement":[{"@type":"ListItem","position":1,"name":"Home","item":"https:\/\/portalf1.si\/"},{"@type":"ListItem","position":2,"name":"Verstappen si \u017eeli dirkati za Ferrari, a pod enim pogojem"}]},{"@type":"WebSite","@id":"https:\/\/portalf1.si\/#website","url":"https:\/\/portalf1.si\/","name":"Portal F1","description":"Vstopite v svet hitrosti in adrenalina","publisher":{"@id":"https:\/\/portalf1.si\/#organization"},"potentialAction":[{"@type":"SearchAction","target":{"@type":"EntryPoint","urlTemplate":"https:\/\/portalf1.si\/?s={search_term_string}"},"query-input":{"@type":"PropertyValueSpecification","valueRequired":true,"valueName":"search_term_string"}}],"inLanguage":"sl-SI"},{"@type":"Organization","@id":"https:\/\/portalf1.si\/#organization","name":"Portal F1","url":"https:\/\/portalf1.si\/","logo":{"@type":"ImageObject","inLanguage":"sl-SI","@id":"https:\/\/portalf1.si\/#\/schema\/logo\/image\/","url":"https:\/\/portalf1.si\/wp-content\/uploads\/2025\/02\/cropped-HiPaint_1738532868530.png","contentUrl":"https:\/\/portalf1.si\/wp-content\/uploads\/2025\/02\/cropped-HiPaint_1738532868530.png","width":512,"height":512,"caption":"Portal F1"},"image":{"@id":"https:\/\/portalf1.si\/#\/schema\/logo\/image\/"},"sameAs":["https:\/\/www.facebook.com\/portalf1.si\/?locale=sl_SI"]},{"@type":"Person","@id":"https:\/\/portalf1.si\/#\/schema\/person\/abfef3ba57233710daadfbdd742fecd5","name":"Denis \u0160tojs","image":{"@type":"ImageObject","inLanguage":"sl-SI","@id":"https:\/\/secure.gravatar.com\/avatar\/b006ce11dfb9c6e47e9de9803eefbdc14aa4afb445f3cca05acc735c22115b38?s=96&d=mm&r=g","url":"https:\/\/secure.gravatar.com\/avatar\/b006ce11dfb9c6e47e9de9803eefbdc14aa4afb445f3cca05acc735c22115b38?s=96&d=mm&r=g","contentUrl":"https:\/\/secure.gravatar.com\/avatar\/b006ce11dfb9c6e47e9de9803eefbdc14aa4afb445f3cca05acc735c22115b38?s=96&d=mm&r=g","caption":"Denis \u0160tojs"},"sameAs":["https:\/\/portalf1.si"],"url":"https:\/\/portalf1.si\/index.php\/author\/portalf1\/"}]}},"_links":{"self":[{"href":"https:\/\/portalf1.si\/index.php\/wp-json\/wp\/v2\/posts\/7875","targetHints":{"allow":["GET"]}}],"collection":[{"href":"https:\/\/portalf1.si\/index.php\/wp-json\/wp\/v2\/posts"}],"about":[{"href":"https:\/\/portalf1.si\/index.php\/wp-json\/wp\/v2\/types\/post"}],"author":[{"embeddable":true,"href":"https:\/\/portalf1.si\/index.php\/wp-json\/wp\/v2\/users\/1"}],"replies":[{"embeddable":true,"href":"https:\/\/portalf1.si\/index.php\/wp-json\/wp\/v2\/comments?post=7875"}],"version-history":[{"count":5,"href":"https:\/\/portalf1.si\/index.php\/wp-json\/wp\/v2\/posts\/7875\/revisions"}],"predecessor-version":[{"id":7901,"href":"https:\/\/portalf1.si\/index.php\/wp-json\/wp\/v2\/posts\/7875\/revisions\/7901"}],"wp:featuredmedia":[{"embeddable":true,"href":"https:\/\/portalf1.si\/index.php\/wp-json\/wp\/v2\/media\/7876"}],"wp:attachment":[{"href":"https:\/\/portalf1.si\/index.php\/wp-json\/wp\/v2\/media?parent=7875"}],"wp:term":[{"taxonomy":"category","embeddable":true,"href":"https:\/\/portalf1.si\/index.php\/wp-json\/wp\/v2\/categories?post=7875"},{"taxonomy":"post_tag","embeddable":true,"href":"https:\/\/portalf1.si\/index.php\/wp-json\/wp\/v2\/tags?post=7875"}],"curies":[{"name":"wp","href":"https:\/\/api.w.org\/{rel}","templated":true}]}}