{"id":8134,"date":"2025-09-14T10:09:42","date_gmt":"2025-09-14T10:09:42","guid":{"rendered":"https:\/\/portalf1.si\/?p=8134"},"modified":"2025-09-14T10:09:42","modified_gmt":"2025-09-14T10:09:42","slug":"preberite-si-zakaj-je-hamilton-dirko-v-monzi-zakljucil-v-bolecinah","status":"publish","type":"post","link":"https:\/\/portalf1.si\/index.php\/2025\/09\/14\/preberite-si-zakaj-je-hamilton-dirko-v-monzi-zakljucil-v-bolecinah\/","title":{"rendered":"Preberite si, zakaj je Hamilton dirko v Monzi zaklju\u010dil v bole\u010dinah"},"content":{"rendered":"<p><strong>Lewis Hamilton je v objavi Scuderie Ferrari na dru\u017ebenih omre\u017ejih razkril, da je dirko Formule 1 za VN Italije v Monzi odpeljal v bole\u010dinah.<\/strong><\/p>\n<p>Na posnetku po dirki, objavljenem na Ferrarijevem profilu X, je nasmejani in vidno zadovoljni Hamilton povedal, da je na stezi v Monzi, kjer je padel rekord za najhitrej\u0161o dirko v zgodovini prvenstva, dal \u010disto vse od sebe.<\/p>\n<p><em>&#8220;Pedala nisem mogel bolj pritisniti. Rekel sem si, to je maksimum,&#8221;<\/em> je dejal. <em>&#8220;Tukaj me boli (pokazal na zadnjico), ker sem res na polno pritiskal. \u010ce je pedal ukrivljen, zdaj veste, zakaj.&#8221;<\/em><\/p>\n<p>Britanec je sicer \u017ee od VN Nizozemske naprej spet na\u0161el nekaj stare forme. V kvalifikacijah je bil dvakrat tik za Charlesom Leclercom, tako v Zandvoortu kot v Monzi.<\/p>\n<p>Na obeh dirkah mu je uspelo dr\u017eati stik z mo\u0161tvenim kolegom, medtem ko je med oba Ferrarija posegel George Russell. Zdaj se karavana seli v Baku, kjer bo Hamilton lovil nov dober rezultat.<\/p>\n<blockquote class=\"wp-embedded-content\" data-secret=\"p3gVqMUyxF\"><p><a href=\"https:\/\/portalf1.si\/index.php\/2025\/09\/12\/napaka-ferrarija-nekdanji-dirkac-je-preprican-da-je-bil-hamilton-ob-prestopu-prestar\/\">Napaka Ferrarija? Nekdanji dirka\u010d je prepri\u010dan, da je bil Hamilton ob prestopu prestar<\/a><\/p><\/blockquote>\n<p><iframe loading=\"lazy\" class=\"wp-embedded-content\" sandbox=\"allow-scripts\" security=\"restricted\" style=\"position: absolute; visibility: hidden;\" title=\"&#8220;Napaka Ferrarija? Nekdanji dirka\u010d je prepri\u010dan, da je bil Hamilton ob prestopu prestar&#8221; &#8212; Portal F1\" src=\"https:\/\/portalf1.si\/index.php\/2025\/09\/12\/napaka-ferrarija-nekdanji-dirkac-je-preprican-da-je-bil-hamilton-ob-prestopu-prestar\/embed\/#?secret=s2qKXZwIFC#?secret=p3gVqMUyxF\" data-secret=\"p3gVqMUyxF\" width=\"600\" height=\"338\" frameborder=\"0\" marginwidth=\"0\" marginheight=\"0\" scrolling=\"no\"><\/iframe><\/p>\n","protected":false},"excerpt":{"rendered":"<p>Lewis Hamilton je v objavi Scuderie Ferrari na dru\u017ebenih omre\u017ejih razkril, da je dirko Formule 1 za VN Italije v Monzi odpeljal v bole\u010dinah. Na posnetku po dirki, objavljenem na Ferrarijevem profilu X, je nasmejani in vidno zadovoljni Hamilton povedal, da je na stezi v Monzi, kjer je padel rekord za najhitrej\u0161o dirko v zgodovini [&hellip;]<\/p>\n","protected":false},"author":1,"featured_media":7940,"comment_status":"open","ping_status":"open","sticky":false,"template":"","format":"standard","meta":{"footnotes":""},"categories":[34,30,41,31,351],"tags":[44,50,159,46,45,51,158,42,352],"class_list":["post-8134","post","type-post","status-publish","format-standard","has-post-thumbnail","hentry","category-ferrari","category-formula-1","category-lewis-hamilton","category-novice","category-vn-italije","tag-f1","tag-f1-2025","tag-f1-slovenija","tag-ferrari","tag-formula-1","tag-formula-1-2025","tag-formula-1-slovenija","tag-lewis-hamilton","tag-vn-italije"],"blocksy_meta":[],"yoast_head":"<!-- This site is optimized with the Yoast SEO plugin v27.4 - https:\/\/yoast.com\/product\/yoast-seo-wordpress\/ -->\n<title>Preberite si, zakaj je Hamilton dirko v Monzi zaklju\u010dil v bole\u010dinah - Portal F1<\/title>\n<meta name=\"description\" content=\"Lewis Hamilton je v objavi Scuderie Ferrari na dru\u017ebenih omre\u017ejih razkril, da je dirko Formule 1 za VN Italije v Monzi odpeljal v bole\u010dinah.\" \/>\n<meta name=\"robots\" content=\"index, follow, max-snippet:-1, max-image-preview:large, max-video-preview:-1\" \/>\n<link rel=\"canonical\" href=\"https:\/\/portalf1.si\/index.php\/2025\/09\/14\/preberite-si-zakaj-je-hamilton-dirko-v-monzi-zakljucil-v-bolecinah\/\" \/>\n<meta property=\"og:locale\" content=\"sl_SI\" \/>\n<meta property=\"og:type\" content=\"article\" \/>\n<meta property=\"og:title\" content=\"Preberite si, zakaj je Hamilton dirko v Monzi zaklju\u010dil v bole\u010dinah - Portal F1\" \/>\n<meta property=\"og:description\" content=\"Lewis Hamilton je v objavi Scuderie Ferrari na dru\u017ebenih omre\u017ejih razkril, da je dirko Formule 1 za VN Italije v Monzi odpeljal v bole\u010dinah.\" \/>\n<meta property=\"og:url\" content=\"https:\/\/portalf1.si\/index.php\/2025\/09\/14\/preberite-si-zakaj-je-hamilton-dirko-v-monzi-zakljucil-v-bolecinah\/\" \/>\n<meta property=\"og:site_name\" content=\"Portal F1\" \/>\n<meta property=\"article:publisher\" content=\"https:\/\/www.facebook.com\/portalf1.si\/?locale=sl_SI\" \/>\n<meta property=\"article:published_time\" content=\"2025-09-14T10:09:42+00:00\" \/>\n<meta property=\"og:image\" content=\"https:\/\/portalf1.si\/wp-content\/uploads\/2025\/09\/lewis-hamilton-of-scuderia-ferrari-during-press-conference-698830-scaled.webp\" \/>\n\t<meta property=\"og:image:width\" content=\"2560\" \/>\n\t<meta property=\"og:image:height\" content=\"1707\" \/>\n\t<meta property=\"og:image:type\" content=\"image\/jpeg\" \/>\n<meta name=\"author\" content=\"Denis \u0160tojs\" \/>\n<meta name=\"twitter:card\" content=\"summary_large_image\" \/>\n<meta name=\"twitter:label1\" content=\"Written by\" \/>\n\t<meta name=\"twitter:data1\" content=\"Denis \u0160tojs\" \/>\n\t<meta name=\"twitter:label2\" content=\"Est. reading time\" \/>\n\t<meta name=\"twitter:data2\" content=\"2 minuti\" \/>\n<script type=\"application\/ld+json\" class=\"yoast-schema-graph\">{\"@context\":\"https:\\\/\\\/schema.org\",\"@graph\":[{\"@type\":\"Article\",\"@id\":\"https:\\\/\\\/portalf1.si\\\/index.php\\\/2025\\\/09\\\/14\\\/preberite-si-zakaj-je-hamilton-dirko-v-monzi-zakljucil-v-bolecinah\\\/#article\",\"isPartOf\":{\"@id\":\"https:\\\/\\\/portalf1.si\\\/index.php\\\/2025\\\/09\\\/14\\\/preberite-si-zakaj-je-hamilton-dirko-v-monzi-zakljucil-v-bolecinah\\\/\"},\"author\":{\"name\":\"Denis \u0160tojs\",\"@id\":\"https:\\\/\\\/portalf1.si\\\/#\\\/schema\\\/person\\\/abfef3ba57233710daadfbdd742fecd5\"},\"headline\":\"Preberite si, zakaj je Hamilton dirko v Monzi zaklju\u010dil v bole\u010dinah\",\"datePublished\":\"2025-09-14T10:09:42+00:00\",\"mainEntityOfPage\":{\"@id\":\"https:\\\/\\\/portalf1.si\\\/index.php\\\/2025\\\/09\\\/14\\\/preberite-si-zakaj-je-hamilton-dirko-v-monzi-zakljucil-v-bolecinah\\\/\"},\"wordCount\":179,\"commentCount\":0,\"publisher\":{\"@id\":\"https:\\\/\\\/portalf1.si\\\/#organization\"},\"image\":{\"@id\":\"https:\\\/\\\/portalf1.si\\\/index.php\\\/2025\\\/09\\\/14\\\/preberite-si-zakaj-je-hamilton-dirko-v-monzi-zakljucil-v-bolecinah\\\/#primaryimage\"},\"thumbnailUrl\":\"https:\\\/\\\/portalf1.si\\\/wp-content\\\/uploads\\\/2025\\\/09\\\/lewis-hamilton-of-scuderia-ferrari-during-press-conference-698830-scaled.webp\",\"keywords\":[\"F1\",\"F1 2025\",\"F1 Slovenija\",\"Ferrari\",\"Formula 1\",\"Formula 1 2025\",\"Formula 1 Slovenija\",\"Lewis Hamilton\",\"VN Italije\"],\"articleSection\":[\"Ferrari\",\"Formula 1\",\"Lewis Hamilton\",\"Novice\",\"VN Italije\"],\"inLanguage\":\"sl-SI\",\"potentialAction\":[{\"@type\":\"CommentAction\",\"name\":\"Comment\",\"target\":[\"https:\\\/\\\/portalf1.si\\\/index.php\\\/2025\\\/09\\\/14\\\/preberite-si-zakaj-je-hamilton-dirko-v-monzi-zakljucil-v-bolecinah\\\/#respond\"]}]},{\"@type\":\"WebPage\",\"@id\":\"https:\\\/\\\/portalf1.si\\\/index.php\\\/2025\\\/09\\\/14\\\/preberite-si-zakaj-je-hamilton-dirko-v-monzi-zakljucil-v-bolecinah\\\/\",\"url\":\"https:\\\/\\\/portalf1.si\\\/index.php\\\/2025\\\/09\\\/14\\\/preberite-si-zakaj-je-hamilton-dirko-v-monzi-zakljucil-v-bolecinah\\\/\",\"name\":\"Preberite si, zakaj je Hamilton dirko v Monzi zaklju\u010dil v bole\u010dinah - Portal F1\",\"isPartOf\":{\"@id\":\"https:\\\/\\\/portalf1.si\\\/#website\"},\"primaryImageOfPage\":{\"@id\":\"https:\\\/\\\/portalf1.si\\\/index.php\\\/2025\\\/09\\\/14\\\/preberite-si-zakaj-je-hamilton-dirko-v-monzi-zakljucil-v-bolecinah\\\/#primaryimage\"},\"image\":{\"@id\":\"https:\\\/\\\/portalf1.si\\\/index.php\\\/2025\\\/09\\\/14\\\/preberite-si-zakaj-je-hamilton-dirko-v-monzi-zakljucil-v-bolecinah\\\/#primaryimage\"},\"thumbnailUrl\":\"https:\\\/\\\/portalf1.si\\\/wp-content\\\/uploads\\\/2025\\\/09\\\/lewis-hamilton-of-scuderia-ferrari-during-press-conference-698830-scaled.webp\",\"datePublished\":\"2025-09-14T10:09:42+00:00\",\"description\":\"Lewis Hamilton je v objavi Scuderie Ferrari na dru\u017ebenih omre\u017ejih razkril, da je dirko Formule 1 za VN Italije v Monzi odpeljal v bole\u010dinah.\",\"breadcrumb\":{\"@id\":\"https:\\\/\\\/portalf1.si\\\/index.php\\\/2025\\\/09\\\/14\\\/preberite-si-zakaj-je-hamilton-dirko-v-monzi-zakljucil-v-bolecinah\\\/#breadcrumb\"},\"inLanguage\":\"sl-SI\",\"potentialAction\":[{\"@type\":\"ReadAction\",\"target\":[\"https:\\\/\\\/portalf1.si\\\/index.php\\\/2025\\\/09\\\/14\\\/preberite-si-zakaj-je-hamilton-dirko-v-monzi-zakljucil-v-bolecinah\\\/\"]}]},{\"@type\":\"ImageObject\",\"inLanguage\":\"sl-SI\",\"@id\":\"https:\\\/\\\/portalf1.si\\\/index.php\\\/2025\\\/09\\\/14\\\/preberite-si-zakaj-je-hamilton-dirko-v-monzi-zakljucil-v-bolecinah\\\/#primaryimage\",\"url\":\"https:\\\/\\\/portalf1.si\\\/wp-content\\\/uploads\\\/2025\\\/09\\\/lewis-hamilton-of-scuderia-ferrari-during-press-conference-698830-scaled.webp\",\"contentUrl\":\"https:\\\/\\\/portalf1.si\\\/wp-content\\\/uploads\\\/2025\\\/09\\\/lewis-hamilton-of-scuderia-ferrari-during-press-conference-698830-scaled.webp\",\"width\":2560,\"height\":1707},{\"@type\":\"BreadcrumbList\",\"@id\":\"https:\\\/\\\/portalf1.si\\\/index.php\\\/2025\\\/09\\\/14\\\/preberite-si-zakaj-je-hamilton-dirko-v-monzi-zakljucil-v-bolecinah\\\/#breadcrumb\",\"itemListElement\":[{\"@type\":\"ListItem\",\"position\":1,\"name\":\"Home\",\"item\":\"https:\\\/\\\/portalf1.si\\\/\"},{\"@type\":\"ListItem\",\"position\":2,\"name\":\"Preberite si, zakaj je Hamilton dirko v Monzi zaklju\u010dil v bole\u010dinah\"}]},{\"@type\":\"WebSite\",\"@id\":\"https:\\\/\\\/portalf1.si\\\/#website\",\"url\":\"https:\\\/\\\/portalf1.si\\\/\",\"name\":\"Portal F1\",\"description\":\"Vstopite v svet hitrosti in adrenalina\",\"publisher\":{\"@id\":\"https:\\\/\\\/portalf1.si\\\/#organization\"},\"potentialAction\":[{\"@type\":\"SearchAction\",\"target\":{\"@type\":\"EntryPoint\",\"urlTemplate\":\"https:\\\/\\\/portalf1.si\\\/?s={search_term_string}\"},\"query-input\":{\"@type\":\"PropertyValueSpecification\",\"valueRequired\":true,\"valueName\":\"search_term_string\"}}],\"inLanguage\":\"sl-SI\"},{\"@type\":\"Organization\",\"@id\":\"https:\\\/\\\/portalf1.si\\\/#organization\",\"name\":\"Portal F1\",\"url\":\"https:\\\/\\\/portalf1.si\\\/\",\"logo\":{\"@type\":\"ImageObject\",\"inLanguage\":\"sl-SI\",\"@id\":\"https:\\\/\\\/portalf1.si\\\/#\\\/schema\\\/logo\\\/image\\\/\",\"url\":\"https:\\\/\\\/portalf1.si\\\/wp-content\\\/uploads\\\/2025\\\/02\\\/cropped-HiPaint_1738532868530.png\",\"contentUrl\":\"https:\\\/\\\/portalf1.si\\\/wp-content\\\/uploads\\\/2025\\\/02\\\/cropped-HiPaint_1738532868530.png\",\"width\":512,\"height\":512,\"caption\":\"Portal F1\"},\"image\":{\"@id\":\"https:\\\/\\\/portalf1.si\\\/#\\\/schema\\\/logo\\\/image\\\/\"},\"sameAs\":[\"https:\\\/\\\/www.facebook.com\\\/portalf1.si\\\/?locale=sl_SI\"]},{\"@type\":\"Person\",\"@id\":\"https:\\\/\\\/portalf1.si\\\/#\\\/schema\\\/person\\\/abfef3ba57233710daadfbdd742fecd5\",\"name\":\"Denis \u0160tojs\",\"image\":{\"@type\":\"ImageObject\",\"inLanguage\":\"sl-SI\",\"@id\":\"https:\\\/\\\/secure.gravatar.com\\\/avatar\\\/b006ce11dfb9c6e47e9de9803eefbdc14aa4afb445f3cca05acc735c22115b38?s=96&d=mm&r=g\",\"url\":\"https:\\\/\\\/secure.gravatar.com\\\/avatar\\\/b006ce11dfb9c6e47e9de9803eefbdc14aa4afb445f3cca05acc735c22115b38?s=96&d=mm&r=g\",\"contentUrl\":\"https:\\\/\\\/secure.gravatar.com\\\/avatar\\\/b006ce11dfb9c6e47e9de9803eefbdc14aa4afb445f3cca05acc735c22115b38?s=96&d=mm&r=g\",\"caption\":\"Denis \u0160tojs\"},\"sameAs\":[\"https:\\\/\\\/portalf1.si\"],\"url\":\"https:\\\/\\\/portalf1.si\\\/index.php\\\/author\\\/portalf1\\\/\"}]}<\/script>\n<!-- \/ Yoast SEO plugin. -->","yoast_head_json":{"title":"Preberite si, zakaj je Hamilton dirko v Monzi zaklju\u010dil v bole\u010dinah - Portal F1","description":"Lewis Hamilton je v objavi Scuderie Ferrari na dru\u017ebenih omre\u017ejih razkril, da je dirko Formule 1 za VN Italije v Monzi odpeljal v bole\u010dinah.","robots":{"index":"index","follow":"follow","max-snippet":"max-snippet:-1","max-image-preview":"max-image-preview:large","max-video-preview":"max-video-preview:-1"},"canonical":"https:\/\/portalf1.si\/index.php\/2025\/09\/14\/preberite-si-zakaj-je-hamilton-dirko-v-monzi-zakljucil-v-bolecinah\/","og_locale":"sl_SI","og_type":"article","og_title":"Preberite si, zakaj je Hamilton dirko v Monzi zaklju\u010dil v bole\u010dinah - Portal F1","og_description":"Lewis Hamilton je v objavi Scuderie Ferrari na dru\u017ebenih omre\u017ejih razkril, da je dirko Formule 1 za VN Italije v Monzi odpeljal v bole\u010dinah.","og_url":"https:\/\/portalf1.si\/index.php\/2025\/09\/14\/preberite-si-zakaj-je-hamilton-dirko-v-monzi-zakljucil-v-bolecinah\/","og_site_name":"Portal F1","article_publisher":"https:\/\/www.facebook.com\/portalf1.si\/?locale=sl_SI","article_published_time":"2025-09-14T10:09:42+00:00","og_image":[{"width":2560,"height":1707,"url":"https:\/\/portalf1.si\/wp-content\/uploads\/2025\/09\/lewis-hamilton-of-scuderia-ferrari-during-press-conference-698830-scaled.webp","type":"image\/jpeg"}],"author":"Denis \u0160tojs","twitter_card":"summary_large_image","twitter_misc":{"Written by":"Denis \u0160tojs","Est. reading time":"2 minuti"},"schema":{"@context":"https:\/\/schema.org","@graph":[{"@type":"Article","@id":"https:\/\/portalf1.si\/index.php\/2025\/09\/14\/preberite-si-zakaj-je-hamilton-dirko-v-monzi-zakljucil-v-bolecinah\/#article","isPartOf":{"@id":"https:\/\/portalf1.si\/index.php\/2025\/09\/14\/preberite-si-zakaj-je-hamilton-dirko-v-monzi-zakljucil-v-bolecinah\/"},"author":{"name":"Denis \u0160tojs","@id":"https:\/\/portalf1.si\/#\/schema\/person\/abfef3ba57233710daadfbdd742fecd5"},"headline":"Preberite si, zakaj je Hamilton dirko v Monzi zaklju\u010dil v bole\u010dinah","datePublished":"2025-09-14T10:09:42+00:00","mainEntityOfPage":{"@id":"https:\/\/portalf1.si\/index.php\/2025\/09\/14\/preberite-si-zakaj-je-hamilton-dirko-v-monzi-zakljucil-v-bolecinah\/"},"wordCount":179,"commentCount":0,"publisher":{"@id":"https:\/\/portalf1.si\/#organization"},"image":{"@id":"https:\/\/portalf1.si\/index.php\/2025\/09\/14\/preberite-si-zakaj-je-hamilton-dirko-v-monzi-zakljucil-v-bolecinah\/#primaryimage"},"thumbnailUrl":"https:\/\/portalf1.si\/wp-content\/uploads\/2025\/09\/lewis-hamilton-of-scuderia-ferrari-during-press-conference-698830-scaled.webp","keywords":["F1","F1 2025","F1 Slovenija","Ferrari","Formula 1","Formula 1 2025","Formula 1 Slovenija","Lewis Hamilton","VN Italije"],"articleSection":["Ferrari","Formula 1","Lewis Hamilton","Novice","VN Italije"],"inLanguage":"sl-SI","potentialAction":[{"@type":"CommentAction","name":"Comment","target":["https:\/\/portalf1.si\/index.php\/2025\/09\/14\/preberite-si-zakaj-je-hamilton-dirko-v-monzi-zakljucil-v-bolecinah\/#respond"]}]},{"@type":"WebPage","@id":"https:\/\/portalf1.si\/index.php\/2025\/09\/14\/preberite-si-zakaj-je-hamilton-dirko-v-monzi-zakljucil-v-bolecinah\/","url":"https:\/\/portalf1.si\/index.php\/2025\/09\/14\/preberite-si-zakaj-je-hamilton-dirko-v-monzi-zakljucil-v-bolecinah\/","name":"Preberite si, zakaj je Hamilton dirko v Monzi zaklju\u010dil v bole\u010dinah - Portal F1","isPartOf":{"@id":"https:\/\/portalf1.si\/#website"},"primaryImageOfPage":{"@id":"https:\/\/portalf1.si\/index.php\/2025\/09\/14\/preberite-si-zakaj-je-hamilton-dirko-v-monzi-zakljucil-v-bolecinah\/#primaryimage"},"image":{"@id":"https:\/\/portalf1.si\/index.php\/2025\/09\/14\/preberite-si-zakaj-je-hamilton-dirko-v-monzi-zakljucil-v-bolecinah\/#primaryimage"},"thumbnailUrl":"https:\/\/portalf1.si\/wp-content\/uploads\/2025\/09\/lewis-hamilton-of-scuderia-ferrari-during-press-conference-698830-scaled.webp","datePublished":"2025-09-14T10:09:42+00:00","description":"Lewis Hamilton je v objavi Scuderie Ferrari na dru\u017ebenih omre\u017ejih razkril, da je dirko Formule 1 za VN Italije v Monzi odpeljal v bole\u010dinah.","breadcrumb":{"@id":"https:\/\/portalf1.si\/index.php\/2025\/09\/14\/preberite-si-zakaj-je-hamilton-dirko-v-monzi-zakljucil-v-bolecinah\/#breadcrumb"},"inLanguage":"sl-SI","potentialAction":[{"@type":"ReadAction","target":["https:\/\/portalf1.si\/index.php\/2025\/09\/14\/preberite-si-zakaj-je-hamilton-dirko-v-monzi-zakljucil-v-bolecinah\/"]}]},{"@type":"ImageObject","inLanguage":"sl-SI","@id":"https:\/\/portalf1.si\/index.php\/2025\/09\/14\/preberite-si-zakaj-je-hamilton-dirko-v-monzi-zakljucil-v-bolecinah\/#primaryimage","url":"https:\/\/portalf1.si\/wp-content\/uploads\/2025\/09\/lewis-hamilton-of-scuderia-ferrari-during-press-conference-698830-scaled.webp","contentUrl":"https:\/\/portalf1.si\/wp-content\/uploads\/2025\/09\/lewis-hamilton-of-scuderia-ferrari-during-press-conference-698830-scaled.webp","width":2560,"height":1707},{"@type":"BreadcrumbList","@id":"https:\/\/portalf1.si\/index.php\/2025\/09\/14\/preberite-si-zakaj-je-hamilton-dirko-v-monzi-zakljucil-v-bolecinah\/#breadcrumb","itemListElement":[{"@type":"ListItem","position":1,"name":"Home","item":"https:\/\/portalf1.si\/"},{"@type":"ListItem","position":2,"name":"Preberite si, zakaj je Hamilton dirko v Monzi zaklju\u010dil v bole\u010dinah"}]},{"@type":"WebSite","@id":"https:\/\/portalf1.si\/#website","url":"https:\/\/portalf1.si\/","name":"Portal F1","description":"Vstopite v svet hitrosti in adrenalina","publisher":{"@id":"https:\/\/portalf1.si\/#organization"},"potentialAction":[{"@type":"SearchAction","target":{"@type":"EntryPoint","urlTemplate":"https:\/\/portalf1.si\/?s={search_term_string}"},"query-input":{"@type":"PropertyValueSpecification","valueRequired":true,"valueName":"search_term_string"}}],"inLanguage":"sl-SI"},{"@type":"Organization","@id":"https:\/\/portalf1.si\/#organization","name":"Portal F1","url":"https:\/\/portalf1.si\/","logo":{"@type":"ImageObject","inLanguage":"sl-SI","@id":"https:\/\/portalf1.si\/#\/schema\/logo\/image\/","url":"https:\/\/portalf1.si\/wp-content\/uploads\/2025\/02\/cropped-HiPaint_1738532868530.png","contentUrl":"https:\/\/portalf1.si\/wp-content\/uploads\/2025\/02\/cropped-HiPaint_1738532868530.png","width":512,"height":512,"caption":"Portal F1"},"image":{"@id":"https:\/\/portalf1.si\/#\/schema\/logo\/image\/"},"sameAs":["https:\/\/www.facebook.com\/portalf1.si\/?locale=sl_SI"]},{"@type":"Person","@id":"https:\/\/portalf1.si\/#\/schema\/person\/abfef3ba57233710daadfbdd742fecd5","name":"Denis \u0160tojs","image":{"@type":"ImageObject","inLanguage":"sl-SI","@id":"https:\/\/secure.gravatar.com\/avatar\/b006ce11dfb9c6e47e9de9803eefbdc14aa4afb445f3cca05acc735c22115b38?s=96&d=mm&r=g","url":"https:\/\/secure.gravatar.com\/avatar\/b006ce11dfb9c6e47e9de9803eefbdc14aa4afb445f3cca05acc735c22115b38?s=96&d=mm&r=g","contentUrl":"https:\/\/secure.gravatar.com\/avatar\/b006ce11dfb9c6e47e9de9803eefbdc14aa4afb445f3cca05acc735c22115b38?s=96&d=mm&r=g","caption":"Denis \u0160tojs"},"sameAs":["https:\/\/portalf1.si"],"url":"https:\/\/portalf1.si\/index.php\/author\/portalf1\/"}]}},"_links":{"self":[{"href":"https:\/\/portalf1.si\/index.php\/wp-json\/wp\/v2\/posts\/8134","targetHints":{"allow":["GET"]}}],"collection":[{"href":"https:\/\/portalf1.si\/index.php\/wp-json\/wp\/v2\/posts"}],"about":[{"href":"https:\/\/portalf1.si\/index.php\/wp-json\/wp\/v2\/types\/post"}],"author":[{"embeddable":true,"href":"https:\/\/portalf1.si\/index.php\/wp-json\/wp\/v2\/users\/1"}],"replies":[{"embeddable":true,"href":"https:\/\/portalf1.si\/index.php\/wp-json\/wp\/v2\/comments?post=8134"}],"version-history":[{"count":1,"href":"https:\/\/portalf1.si\/index.php\/wp-json\/wp\/v2\/posts\/8134\/revisions"}],"predecessor-version":[{"id":8135,"href":"https:\/\/portalf1.si\/index.php\/wp-json\/wp\/v2\/posts\/8134\/revisions\/8135"}],"wp:featuredmedia":[{"embeddable":true,"href":"https:\/\/portalf1.si\/index.php\/wp-json\/wp\/v2\/media\/7940"}],"wp:attachment":[{"href":"https:\/\/portalf1.si\/index.php\/wp-json\/wp\/v2\/media?parent=8134"}],"wp:term":[{"taxonomy":"category","embeddable":true,"href":"https:\/\/portalf1.si\/index.php\/wp-json\/wp\/v2\/categories?post=8134"},{"taxonomy":"post_tag","embeddable":true,"href":"https:\/\/portalf1.si\/index.php\/wp-json\/wp\/v2\/tags?post=8134"}],"curies":[{"name":"wp","href":"https:\/\/api.w.org\/{rel}","templated":true}]}}