{"id":8252,"date":"2025-09-19T07:59:35","date_gmt":"2025-09-19T07:59:35","guid":{"rendered":"https:\/\/portalf1.si\/?p=8252"},"modified":"2025-09-19T08:00:02","modified_gmt":"2025-09-19T08:00:02","slug":"hamilton-je-zaradi-nove-strasti-prodal-vse-svoje-avtomobile","status":"publish","type":"post","link":"https:\/\/portalf1.si\/index.php\/2025\/09\/19\/hamilton-je-zaradi-nove-strasti-prodal-vse-svoje-avtomobile\/","title":{"rendered":"Hamilton je zaradi nove strasti prodal vse svoje avtomobile"},"content":{"rendered":"<p><strong>Sedemkratni svetovni prvak Formule 1 Lewis Hamilton ima novo strast, zaradi \u010desar je prodal svojo zbirko avtomobilov, je razkril pred za\u010detkom dirka\u0161kega vikenda v Azerbajd\u017eanu.<\/strong><\/p>\n<p>Dirka\u010d Ferrarija je pred VN Azerbajd\u017eana povedal, da nima ve\u010d avtomobilske zbirke. Na vpra\u0161anje o najnovej\u0161em modelu F80 je Britanec odgovoril. <em>&#8220;Nimam nobenega avta. Vse sem prodal, zdaj me bolj zanima umetnost.&#8221;<\/em><\/p>\n<p>Sedemkratni svetovni prvak je dodal: <em>&#8220;\u010ce bi se odlo\u010dil za avto, bi bil to F40. Ampak to je pravzaprav lep kos umetnosti.&#8221; <\/em>\u017de pred tem je Hamilton razlagal, da bi rad ustvaril svoj &#8220;F44&#8221;, zasnovan po slovitem F40.<\/p>\n<p>Hamiltom je neko\u010d imel obse\u017eno zbirko. Med drugim LaFerrari, Ferrari Aperta in Ferrari 599 SA Aperta. Lastil si je tudi \u0161tevilne Mercedese, katere je dobil v \u010dasu dirkanja za istoimensko ekipo.<\/p>\n<p>Za The Athletic je Britanec \u017ee govoril o prehodu od zbiranja avtomobilov k umetnosti, predvsem afri\u0161ki.<\/p>\n<p><em>&#8220;Najprej so me zanimali avtomobili. Zdaj sem popolnoma v umetnosti. Resni\u010dno jo obo\u017eujem. Rad hodim po galerijah. Preprosto u\u017eivam v tem, da lahko doma sedim s kozarcem vina in ob\u010dudujem umetnine. Pred dvema dnevoma sem se vrnil domov, spustil torbo, \u0161el naravnost v sobo in samo sedel pred sliko, ki sem jo dobil. \u0160e vedno ne morem verjeti, da sem jo uspel kupiti.<\/em><\/p>\n<p><em>To je moja najljub\u0161a nalo\u017eba. Najraje podprem mlade \u010drnske umetnike in afri\u0161ko umetnost. V tem svetu se je ogromno za nau\u010diti. Ve\u010dino \u010dasa pre\u017eivim ob iskanju po spletu.&#8221;<\/em><\/p>\n<blockquote class=\"wp-embedded-content\" data-secret=\"QAXKzuaD9U\"><p><a href=\"https:\/\/portalf1.si\/index.php\/2025\/09\/18\/hamilton-je-namignil-kdaj-se-bo-upokojil-vse-je-odvisno-od-alonsa\/\">Hamilton je namignil, kdaj se bo upokojil &#8211; vse je odvisno od Alonsa<\/a><\/p><\/blockquote>\n<p><iframe loading=\"lazy\" class=\"wp-embedded-content\" sandbox=\"allow-scripts\" security=\"restricted\" style=\"position: absolute; visibility: hidden;\" title=\"&#8220;Hamilton je namignil, kdaj se bo upokojil &#8211; vse je odvisno od Alonsa&#8221; &#8212; Portal F1\" src=\"https:\/\/portalf1.si\/index.php\/2025\/09\/18\/hamilton-je-namignil-kdaj-se-bo-upokojil-vse-je-odvisno-od-alonsa\/embed\/#?secret=iwcELNABGV#?secret=QAXKzuaD9U\" data-secret=\"QAXKzuaD9U\" width=\"600\" height=\"338\" frameborder=\"0\" marginwidth=\"0\" marginheight=\"0\" scrolling=\"no\"><\/iframe><\/p>\n","protected":false},"excerpt":{"rendered":"<p>Sedemkratni svetovni prvak Formule 1 Lewis Hamilton ima novo strast, zaradi \u010desar je prodal svojo zbirko avtomobilov, je razkril pred za\u010detkom dirka\u0161kega vikenda v Azerbajd\u017eanu. Dirka\u010d Ferrarija je pred VN Azerbajd\u017eana povedal, da nima ve\u010d avtomobilske zbirke. Na vpra\u0161anje o najnovej\u0161em modelu F80 je Britanec odgovoril. &#8220;Nimam nobenega avta. Vse sem prodal, zdaj me bolj [&hellip;]<\/p>\n","protected":false},"author":1,"featured_media":7315,"comment_status":"open","ping_status":"open","sticky":false,"template":"","format":"standard","meta":{"footnotes":""},"categories":[30,41,31],"tags":[44,50,159,45,51,158,42],"class_list":["post-8252","post","type-post","status-publish","format-standard","has-post-thumbnail","hentry","category-formula-1","category-lewis-hamilton","category-novice","tag-f1","tag-f1-2025","tag-f1-slovenija","tag-formula-1","tag-formula-1-2025","tag-formula-1-slovenija","tag-lewis-hamilton"],"blocksy_meta":[],"yoast_head":"<!-- This site is optimized with the Yoast SEO plugin v27.4 - https:\/\/yoast.com\/product\/yoast-seo-wordpress\/ -->\n<title>Hamilton je zaradi nove strasti prodal vse svoje avtomobile - Portal F1<\/title>\n<meta name=\"description\" content=\"Sedemkratni svetovni prvak Formule 1 Lewis Hamilton ima novo strast, zaradi \u010desar je prodal svojo zbirko avtomobilov.\" \/>\n<meta name=\"robots\" content=\"index, follow, max-snippet:-1, max-image-preview:large, max-video-preview:-1\" \/>\n<link rel=\"canonical\" href=\"https:\/\/portalf1.si\/index.php\/2025\/09\/19\/hamilton-je-zaradi-nove-strasti-prodal-vse-svoje-avtomobile\/\" \/>\n<meta property=\"og:locale\" content=\"sl_SI\" \/>\n<meta property=\"og:type\" content=\"article\" \/>\n<meta property=\"og:title\" content=\"Hamilton je zaradi nove strasti prodal vse svoje avtomobile - Portal F1\" \/>\n<meta property=\"og:description\" content=\"Sedemkratni svetovni prvak Formule 1 Lewis Hamilton ima novo strast, zaradi \u010desar je prodal svojo zbirko avtomobilov.\" \/>\n<meta property=\"og:url\" content=\"https:\/\/portalf1.si\/index.php\/2025\/09\/19\/hamilton-je-zaradi-nove-strasti-prodal-vse-svoje-avtomobile\/\" \/>\n<meta property=\"og:site_name\" content=\"Portal F1\" \/>\n<meta property=\"article:publisher\" content=\"https:\/\/www.facebook.com\/portalf1.si\/?locale=sl_SI\" \/>\n<meta property=\"article:published_time\" content=\"2025-09-19T07:59:35+00:00\" \/>\n<meta property=\"article:modified_time\" content=\"2025-09-19T08:00:02+00:00\" \/>\n<meta property=\"og:image\" content=\"https:\/\/portalf1.si\/wp-content\/uploads\/2025\/07\/2213599573-scaled.webp\" \/>\n\t<meta property=\"og:image:width\" content=\"2560\" \/>\n\t<meta property=\"og:image:height\" content=\"1920\" \/>\n\t<meta property=\"og:image:type\" content=\"image\/jpeg\" \/>\n<meta name=\"author\" content=\"Denis \u0160tojs\" \/>\n<meta name=\"twitter:card\" content=\"summary_large_image\" \/>\n<meta name=\"twitter:label1\" content=\"Written by\" \/>\n\t<meta name=\"twitter:data1\" content=\"Denis \u0160tojs\" \/>\n\t<meta name=\"twitter:label2\" content=\"Est. reading time\" \/>\n\t<meta name=\"twitter:data2\" content=\"2 minuti\" \/>\n<script type=\"application\/ld+json\" class=\"yoast-schema-graph\">{\"@context\":\"https:\\\/\\\/schema.org\",\"@graph\":[{\"@type\":\"Article\",\"@id\":\"https:\\\/\\\/portalf1.si\\\/index.php\\\/2025\\\/09\\\/19\\\/hamilton-je-zaradi-nove-strasti-prodal-vse-svoje-avtomobile\\\/#article\",\"isPartOf\":{\"@id\":\"https:\\\/\\\/portalf1.si\\\/index.php\\\/2025\\\/09\\\/19\\\/hamilton-je-zaradi-nove-strasti-prodal-vse-svoje-avtomobile\\\/\"},\"author\":{\"name\":\"Denis \u0160tojs\",\"@id\":\"https:\\\/\\\/portalf1.si\\\/#\\\/schema\\\/person\\\/abfef3ba57233710daadfbdd742fecd5\"},\"headline\":\"Hamilton je zaradi nove strasti prodal vse svoje avtomobile\",\"datePublished\":\"2025-09-19T07:59:35+00:00\",\"dateModified\":\"2025-09-19T08:00:02+00:00\",\"mainEntityOfPage\":{\"@id\":\"https:\\\/\\\/portalf1.si\\\/index.php\\\/2025\\\/09\\\/19\\\/hamilton-je-zaradi-nove-strasti-prodal-vse-svoje-avtomobile\\\/\"},\"wordCount\":265,\"commentCount\":0,\"publisher\":{\"@id\":\"https:\\\/\\\/portalf1.si\\\/#organization\"},\"image\":{\"@id\":\"https:\\\/\\\/portalf1.si\\\/index.php\\\/2025\\\/09\\\/19\\\/hamilton-je-zaradi-nove-strasti-prodal-vse-svoje-avtomobile\\\/#primaryimage\"},\"thumbnailUrl\":\"https:\\\/\\\/portalf1.si\\\/wp-content\\\/uploads\\\/2025\\\/07\\\/2213599573-scaled.webp\",\"keywords\":[\"F1\",\"F1 2025\",\"F1 Slovenija\",\"Formula 1\",\"Formula 1 2025\",\"Formula 1 Slovenija\",\"Lewis Hamilton\"],\"articleSection\":[\"Formula 1\",\"Lewis Hamilton\",\"Novice\"],\"inLanguage\":\"sl-SI\",\"potentialAction\":[{\"@type\":\"CommentAction\",\"name\":\"Comment\",\"target\":[\"https:\\\/\\\/portalf1.si\\\/index.php\\\/2025\\\/09\\\/19\\\/hamilton-je-zaradi-nove-strasti-prodal-vse-svoje-avtomobile\\\/#respond\"]}]},{\"@type\":\"WebPage\",\"@id\":\"https:\\\/\\\/portalf1.si\\\/index.php\\\/2025\\\/09\\\/19\\\/hamilton-je-zaradi-nove-strasti-prodal-vse-svoje-avtomobile\\\/\",\"url\":\"https:\\\/\\\/portalf1.si\\\/index.php\\\/2025\\\/09\\\/19\\\/hamilton-je-zaradi-nove-strasti-prodal-vse-svoje-avtomobile\\\/\",\"name\":\"Hamilton je zaradi nove strasti prodal vse svoje avtomobile - Portal F1\",\"isPartOf\":{\"@id\":\"https:\\\/\\\/portalf1.si\\\/#website\"},\"primaryImageOfPage\":{\"@id\":\"https:\\\/\\\/portalf1.si\\\/index.php\\\/2025\\\/09\\\/19\\\/hamilton-je-zaradi-nove-strasti-prodal-vse-svoje-avtomobile\\\/#primaryimage\"},\"image\":{\"@id\":\"https:\\\/\\\/portalf1.si\\\/index.php\\\/2025\\\/09\\\/19\\\/hamilton-je-zaradi-nove-strasti-prodal-vse-svoje-avtomobile\\\/#primaryimage\"},\"thumbnailUrl\":\"https:\\\/\\\/portalf1.si\\\/wp-content\\\/uploads\\\/2025\\\/07\\\/2213599573-scaled.webp\",\"datePublished\":\"2025-09-19T07:59:35+00:00\",\"dateModified\":\"2025-09-19T08:00:02+00:00\",\"description\":\"Sedemkratni svetovni prvak Formule 1 Lewis Hamilton ima novo strast, zaradi \u010desar je prodal svojo zbirko avtomobilov.\",\"breadcrumb\":{\"@id\":\"https:\\\/\\\/portalf1.si\\\/index.php\\\/2025\\\/09\\\/19\\\/hamilton-je-zaradi-nove-strasti-prodal-vse-svoje-avtomobile\\\/#breadcrumb\"},\"inLanguage\":\"sl-SI\",\"potentialAction\":[{\"@type\":\"ReadAction\",\"target\":[\"https:\\\/\\\/portalf1.si\\\/index.php\\\/2025\\\/09\\\/19\\\/hamilton-je-zaradi-nove-strasti-prodal-vse-svoje-avtomobile\\\/\"]}]},{\"@type\":\"ImageObject\",\"inLanguage\":\"sl-SI\",\"@id\":\"https:\\\/\\\/portalf1.si\\\/index.php\\\/2025\\\/09\\\/19\\\/hamilton-je-zaradi-nove-strasti-prodal-vse-svoje-avtomobile\\\/#primaryimage\",\"url\":\"https:\\\/\\\/portalf1.si\\\/wp-content\\\/uploads\\\/2025\\\/07\\\/2213599573-scaled.webp\",\"contentUrl\":\"https:\\\/\\\/portalf1.si\\\/wp-content\\\/uploads\\\/2025\\\/07\\\/2213599573-scaled.webp\",\"width\":2560,\"height\":1920},{\"@type\":\"BreadcrumbList\",\"@id\":\"https:\\\/\\\/portalf1.si\\\/index.php\\\/2025\\\/09\\\/19\\\/hamilton-je-zaradi-nove-strasti-prodal-vse-svoje-avtomobile\\\/#breadcrumb\",\"itemListElement\":[{\"@type\":\"ListItem\",\"position\":1,\"name\":\"Home\",\"item\":\"https:\\\/\\\/portalf1.si\\\/\"},{\"@type\":\"ListItem\",\"position\":2,\"name\":\"Hamilton je zaradi nove strasti prodal vse svoje avtomobile\"}]},{\"@type\":\"WebSite\",\"@id\":\"https:\\\/\\\/portalf1.si\\\/#website\",\"url\":\"https:\\\/\\\/portalf1.si\\\/\",\"name\":\"Portal F1\",\"description\":\"Vstopite v svet hitrosti in adrenalina\",\"publisher\":{\"@id\":\"https:\\\/\\\/portalf1.si\\\/#organization\"},\"potentialAction\":[{\"@type\":\"SearchAction\",\"target\":{\"@type\":\"EntryPoint\",\"urlTemplate\":\"https:\\\/\\\/portalf1.si\\\/?s={search_term_string}\"},\"query-input\":{\"@type\":\"PropertyValueSpecification\",\"valueRequired\":true,\"valueName\":\"search_term_string\"}}],\"inLanguage\":\"sl-SI\"},{\"@type\":\"Organization\",\"@id\":\"https:\\\/\\\/portalf1.si\\\/#organization\",\"name\":\"Portal F1\",\"url\":\"https:\\\/\\\/portalf1.si\\\/\",\"logo\":{\"@type\":\"ImageObject\",\"inLanguage\":\"sl-SI\",\"@id\":\"https:\\\/\\\/portalf1.si\\\/#\\\/schema\\\/logo\\\/image\\\/\",\"url\":\"https:\\\/\\\/portalf1.si\\\/wp-content\\\/uploads\\\/2025\\\/02\\\/cropped-HiPaint_1738532868530.png\",\"contentUrl\":\"https:\\\/\\\/portalf1.si\\\/wp-content\\\/uploads\\\/2025\\\/02\\\/cropped-HiPaint_1738532868530.png\",\"width\":512,\"height\":512,\"caption\":\"Portal F1\"},\"image\":{\"@id\":\"https:\\\/\\\/portalf1.si\\\/#\\\/schema\\\/logo\\\/image\\\/\"},\"sameAs\":[\"https:\\\/\\\/www.facebook.com\\\/portalf1.si\\\/?locale=sl_SI\"]},{\"@type\":\"Person\",\"@id\":\"https:\\\/\\\/portalf1.si\\\/#\\\/schema\\\/person\\\/abfef3ba57233710daadfbdd742fecd5\",\"name\":\"Denis \u0160tojs\",\"image\":{\"@type\":\"ImageObject\",\"inLanguage\":\"sl-SI\",\"@id\":\"https:\\\/\\\/secure.gravatar.com\\\/avatar\\\/b006ce11dfb9c6e47e9de9803eefbdc14aa4afb445f3cca05acc735c22115b38?s=96&d=mm&r=g\",\"url\":\"https:\\\/\\\/secure.gravatar.com\\\/avatar\\\/b006ce11dfb9c6e47e9de9803eefbdc14aa4afb445f3cca05acc735c22115b38?s=96&d=mm&r=g\",\"contentUrl\":\"https:\\\/\\\/secure.gravatar.com\\\/avatar\\\/b006ce11dfb9c6e47e9de9803eefbdc14aa4afb445f3cca05acc735c22115b38?s=96&d=mm&r=g\",\"caption\":\"Denis \u0160tojs\"},\"sameAs\":[\"https:\\\/\\\/portalf1.si\"],\"url\":\"https:\\\/\\\/portalf1.si\\\/index.php\\\/author\\\/portalf1\\\/\"}]}<\/script>\n<!-- \/ Yoast SEO plugin. -->","yoast_head_json":{"title":"Hamilton je zaradi nove strasti prodal vse svoje avtomobile - Portal F1","description":"Sedemkratni svetovni prvak Formule 1 Lewis Hamilton ima novo strast, zaradi \u010desar je prodal svojo zbirko avtomobilov.","robots":{"index":"index","follow":"follow","max-snippet":"max-snippet:-1","max-image-preview":"max-image-preview:large","max-video-preview":"max-video-preview:-1"},"canonical":"https:\/\/portalf1.si\/index.php\/2025\/09\/19\/hamilton-je-zaradi-nove-strasti-prodal-vse-svoje-avtomobile\/","og_locale":"sl_SI","og_type":"article","og_title":"Hamilton je zaradi nove strasti prodal vse svoje avtomobile - Portal F1","og_description":"Sedemkratni svetovni prvak Formule 1 Lewis Hamilton ima novo strast, zaradi \u010desar je prodal svojo zbirko avtomobilov.","og_url":"https:\/\/portalf1.si\/index.php\/2025\/09\/19\/hamilton-je-zaradi-nove-strasti-prodal-vse-svoje-avtomobile\/","og_site_name":"Portal F1","article_publisher":"https:\/\/www.facebook.com\/portalf1.si\/?locale=sl_SI","article_published_time":"2025-09-19T07:59:35+00:00","article_modified_time":"2025-09-19T08:00:02+00:00","og_image":[{"width":2560,"height":1920,"url":"https:\/\/portalf1.si\/wp-content\/uploads\/2025\/07\/2213599573-scaled.webp","type":"image\/jpeg"}],"author":"Denis \u0160tojs","twitter_card":"summary_large_image","twitter_misc":{"Written by":"Denis \u0160tojs","Est. reading time":"2 minuti"},"schema":{"@context":"https:\/\/schema.org","@graph":[{"@type":"Article","@id":"https:\/\/portalf1.si\/index.php\/2025\/09\/19\/hamilton-je-zaradi-nove-strasti-prodal-vse-svoje-avtomobile\/#article","isPartOf":{"@id":"https:\/\/portalf1.si\/index.php\/2025\/09\/19\/hamilton-je-zaradi-nove-strasti-prodal-vse-svoje-avtomobile\/"},"author":{"name":"Denis \u0160tojs","@id":"https:\/\/portalf1.si\/#\/schema\/person\/abfef3ba57233710daadfbdd742fecd5"},"headline":"Hamilton je zaradi nove strasti prodal vse svoje avtomobile","datePublished":"2025-09-19T07:59:35+00:00","dateModified":"2025-09-19T08:00:02+00:00","mainEntityOfPage":{"@id":"https:\/\/portalf1.si\/index.php\/2025\/09\/19\/hamilton-je-zaradi-nove-strasti-prodal-vse-svoje-avtomobile\/"},"wordCount":265,"commentCount":0,"publisher":{"@id":"https:\/\/portalf1.si\/#organization"},"image":{"@id":"https:\/\/portalf1.si\/index.php\/2025\/09\/19\/hamilton-je-zaradi-nove-strasti-prodal-vse-svoje-avtomobile\/#primaryimage"},"thumbnailUrl":"https:\/\/portalf1.si\/wp-content\/uploads\/2025\/07\/2213599573-scaled.webp","keywords":["F1","F1 2025","F1 Slovenija","Formula 1","Formula 1 2025","Formula 1 Slovenija","Lewis Hamilton"],"articleSection":["Formula 1","Lewis Hamilton","Novice"],"inLanguage":"sl-SI","potentialAction":[{"@type":"CommentAction","name":"Comment","target":["https:\/\/portalf1.si\/index.php\/2025\/09\/19\/hamilton-je-zaradi-nove-strasti-prodal-vse-svoje-avtomobile\/#respond"]}]},{"@type":"WebPage","@id":"https:\/\/portalf1.si\/index.php\/2025\/09\/19\/hamilton-je-zaradi-nove-strasti-prodal-vse-svoje-avtomobile\/","url":"https:\/\/portalf1.si\/index.php\/2025\/09\/19\/hamilton-je-zaradi-nove-strasti-prodal-vse-svoje-avtomobile\/","name":"Hamilton je zaradi nove strasti prodal vse svoje avtomobile - Portal F1","isPartOf":{"@id":"https:\/\/portalf1.si\/#website"},"primaryImageOfPage":{"@id":"https:\/\/portalf1.si\/index.php\/2025\/09\/19\/hamilton-je-zaradi-nove-strasti-prodal-vse-svoje-avtomobile\/#primaryimage"},"image":{"@id":"https:\/\/portalf1.si\/index.php\/2025\/09\/19\/hamilton-je-zaradi-nove-strasti-prodal-vse-svoje-avtomobile\/#primaryimage"},"thumbnailUrl":"https:\/\/portalf1.si\/wp-content\/uploads\/2025\/07\/2213599573-scaled.webp","datePublished":"2025-09-19T07:59:35+00:00","dateModified":"2025-09-19T08:00:02+00:00","description":"Sedemkratni svetovni prvak Formule 1 Lewis Hamilton ima novo strast, zaradi \u010desar je prodal svojo zbirko avtomobilov.","breadcrumb":{"@id":"https:\/\/portalf1.si\/index.php\/2025\/09\/19\/hamilton-je-zaradi-nove-strasti-prodal-vse-svoje-avtomobile\/#breadcrumb"},"inLanguage":"sl-SI","potentialAction":[{"@type":"ReadAction","target":["https:\/\/portalf1.si\/index.php\/2025\/09\/19\/hamilton-je-zaradi-nove-strasti-prodal-vse-svoje-avtomobile\/"]}]},{"@type":"ImageObject","inLanguage":"sl-SI","@id":"https:\/\/portalf1.si\/index.php\/2025\/09\/19\/hamilton-je-zaradi-nove-strasti-prodal-vse-svoje-avtomobile\/#primaryimage","url":"https:\/\/portalf1.si\/wp-content\/uploads\/2025\/07\/2213599573-scaled.webp","contentUrl":"https:\/\/portalf1.si\/wp-content\/uploads\/2025\/07\/2213599573-scaled.webp","width":2560,"height":1920},{"@type":"BreadcrumbList","@id":"https:\/\/portalf1.si\/index.php\/2025\/09\/19\/hamilton-je-zaradi-nove-strasti-prodal-vse-svoje-avtomobile\/#breadcrumb","itemListElement":[{"@type":"ListItem","position":1,"name":"Home","item":"https:\/\/portalf1.si\/"},{"@type":"ListItem","position":2,"name":"Hamilton je zaradi nove strasti prodal vse svoje avtomobile"}]},{"@type":"WebSite","@id":"https:\/\/portalf1.si\/#website","url":"https:\/\/portalf1.si\/","name":"Portal F1","description":"Vstopite v svet hitrosti in adrenalina","publisher":{"@id":"https:\/\/portalf1.si\/#organization"},"potentialAction":[{"@type":"SearchAction","target":{"@type":"EntryPoint","urlTemplate":"https:\/\/portalf1.si\/?s={search_term_string}"},"query-input":{"@type":"PropertyValueSpecification","valueRequired":true,"valueName":"search_term_string"}}],"inLanguage":"sl-SI"},{"@type":"Organization","@id":"https:\/\/portalf1.si\/#organization","name":"Portal F1","url":"https:\/\/portalf1.si\/","logo":{"@type":"ImageObject","inLanguage":"sl-SI","@id":"https:\/\/portalf1.si\/#\/schema\/logo\/image\/","url":"https:\/\/portalf1.si\/wp-content\/uploads\/2025\/02\/cropped-HiPaint_1738532868530.png","contentUrl":"https:\/\/portalf1.si\/wp-content\/uploads\/2025\/02\/cropped-HiPaint_1738532868530.png","width":512,"height":512,"caption":"Portal F1"},"image":{"@id":"https:\/\/portalf1.si\/#\/schema\/logo\/image\/"},"sameAs":["https:\/\/www.facebook.com\/portalf1.si\/?locale=sl_SI"]},{"@type":"Person","@id":"https:\/\/portalf1.si\/#\/schema\/person\/abfef3ba57233710daadfbdd742fecd5","name":"Denis \u0160tojs","image":{"@type":"ImageObject","inLanguage":"sl-SI","@id":"https:\/\/secure.gravatar.com\/avatar\/b006ce11dfb9c6e47e9de9803eefbdc14aa4afb445f3cca05acc735c22115b38?s=96&d=mm&r=g","url":"https:\/\/secure.gravatar.com\/avatar\/b006ce11dfb9c6e47e9de9803eefbdc14aa4afb445f3cca05acc735c22115b38?s=96&d=mm&r=g","contentUrl":"https:\/\/secure.gravatar.com\/avatar\/b006ce11dfb9c6e47e9de9803eefbdc14aa4afb445f3cca05acc735c22115b38?s=96&d=mm&r=g","caption":"Denis \u0160tojs"},"sameAs":["https:\/\/portalf1.si"],"url":"https:\/\/portalf1.si\/index.php\/author\/portalf1\/"}]}},"_links":{"self":[{"href":"https:\/\/portalf1.si\/index.php\/wp-json\/wp\/v2\/posts\/8252","targetHints":{"allow":["GET"]}}],"collection":[{"href":"https:\/\/portalf1.si\/index.php\/wp-json\/wp\/v2\/posts"}],"about":[{"href":"https:\/\/portalf1.si\/index.php\/wp-json\/wp\/v2\/types\/post"}],"author":[{"embeddable":true,"href":"https:\/\/portalf1.si\/index.php\/wp-json\/wp\/v2\/users\/1"}],"replies":[{"embeddable":true,"href":"https:\/\/portalf1.si\/index.php\/wp-json\/wp\/v2\/comments?post=8252"}],"version-history":[{"count":2,"href":"https:\/\/portalf1.si\/index.php\/wp-json\/wp\/v2\/posts\/8252\/revisions"}],"predecessor-version":[{"id":8255,"href":"https:\/\/portalf1.si\/index.php\/wp-json\/wp\/v2\/posts\/8252\/revisions\/8255"}],"wp:featuredmedia":[{"embeddable":true,"href":"https:\/\/portalf1.si\/index.php\/wp-json\/wp\/v2\/media\/7315"}],"wp:attachment":[{"href":"https:\/\/portalf1.si\/index.php\/wp-json\/wp\/v2\/media?parent=8252"}],"wp:term":[{"taxonomy":"category","embeddable":true,"href":"https:\/\/portalf1.si\/index.php\/wp-json\/wp\/v2\/categories?post=8252"},{"taxonomy":"post_tag","embeddable":true,"href":"https:\/\/portalf1.si\/index.php\/wp-json\/wp\/v2\/tags?post=8252"}],"curies":[{"name":"wp","href":"https:\/\/api.w.org\/{rel}","templated":true}]}}